{"id":592,"date":"2025-02-22T14:24:28","date_gmt":"2025-02-22T12:24:28","guid":{"rendered":"https:\/\/henkilot.vihreat.fi\/virpi.junttila\/?p=592"},"modified":"2025-02-22T14:44:36","modified_gmt":"2025-02-22T12:44:36","slug":"__trashed","status":"publish","type":"post","link":"https:\/\/henkilot.vihreat.fi\/virpi.junttila\/2025\/02\/22\/__trashed\/","title":{"rendered":"Miksi kunnallisvaaleissa pit\u00e4isi puhua my\u00f6s kaavoituksesta?"},"content":{"rendered":"\n<p>Lappeenrannassa on jo pitk\u00e4\u00e4n ollut k\u00e4yt\u00e4nt\u00f6n\u00e4, ett\u00e4 kaupunkialueen rannoille ei kaavoiteta omarantaisia tontteja, eik\u00e4 rantaraitin varren metsiin ole kaavoitettu. Nyt suunta vaikuttaa olevan muuttumassa, ilman isompia avoimia linjauksia asiasta.<\/p>\n\n\n\n<p>Erityisesti Lappeenrannan l\u00e4nsialueen rannan l\u00e4heisyyteen kohdistuu nyt painetta. Kuten kuvasta n\u00e4kyy, rantaraitin varrella on siell\u00e4 kaistale mets\u00e4\u00e4. Skinnarilan rantojen l\u00e4heisyydess\u00e4 asumistiheys on jopa suurempaa kuin kaupungin keskustassa (kuva asuntopoliittisen ohjelman luonnoksesta), joten rantojen tarjoamalla luonnossa ulkoilun mahdollisuus on t\u00e4rke\u00e4\u00e4 alueelle.<\/p>\n\n\n\n<figure class=\"wp-block-gallery has-nested-images columns-default is-cropped wp-block-gallery-1 is-layout-flex wp-block-gallery-is-layout-flex\">\n<figure class=\"wp-block-image size-large\"><a href=\"https:\/\/henkilot.vihreat.fi\/virpi.junttila\/files\/2025\/02\/IMG_0306.jpeg\"><img loading=\"lazy\" decoding=\"async\" width=\"1024\" height=\"558\" data-id=\"595\" src=\"https:\/\/henkilot.vihreat.fi\/virpi.junttila\/files\/2025\/02\/IMG_0306-1024x558.jpeg\" alt=\"\" class=\"wp-image-595\" srcset=\"https:\/\/henkilot.vihreat.fi\/virpi.junttila\/files\/2025\/02\/IMG_0306-980x534.jpeg 980w, https:\/\/henkilot.vihreat.fi\/virpi.junttila\/files\/2025\/02\/IMG_0306-480x261.jpeg 480w\" sizes=\"auto, (min-width: 0px) and (max-width: 480px) 480px, (min-width: 481px) and (max-width: 980px) 980px, (min-width: 981px) 1024px, 100vw\" \/><\/a><\/figure>\n\n\n\n<figure class=\"wp-block-image size-large\"><a href=\"https:\/\/henkilot.vihreat.fi\/virpi.junttila\/files\/2025\/02\/IMG_0299.jpeg\"><img loading=\"lazy\" decoding=\"async\" width=\"1024\" height=\"725\" data-id=\"594\" src=\"https:\/\/henkilot.vihreat.fi\/virpi.junttila\/files\/2025\/02\/IMG_0299-1024x725.jpeg\" alt=\"\" class=\"wp-image-594\" srcset=\"https:\/\/henkilot.vihreat.fi\/virpi.junttila\/files\/2025\/02\/IMG_0299-1024x725.jpeg 1024w, https:\/\/henkilot.vihreat.fi\/virpi.junttila\/files\/2025\/02\/IMG_0299-980x694.jpeg 980w, https:\/\/henkilot.vihreat.fi\/virpi.junttila\/files\/2025\/02\/IMG_0299-480x340.jpeg 480w\" sizes=\"auto, (min-width: 0px) and (max-width: 480px) 480px, (min-width: 481px) and (max-width: 980px) 980px, (min-width: 981px) 1024px, 100vw\" \/><\/a><\/figure>\n<\/figure>\n\n\n\n<p><br \/>Osin korona-aikaan tehdyss\u00e4 <a href=\"https:\/\/lappeenranta.fi\/fi\/asuminen-ja-rakentaminen\/kaavoitus\/kehittaminen\/suur-sammonlahden-alueen-kehittaminen\" data-type=\"link\" data-id=\"https:\/\/lappeenranta.fi\/fi\/asuminen-ja-rakentaminen\/kaavoitus\/kehittaminen\/suur-sammonlahden-alueen-kehittaminen\">Suur-Sammonlahden l\u00e4hi\u00f6hankkeessa<\/a> virkahenkil\u00f6t hahmottelevat l\u00e4nsialueelle t\u00e4ydennysrakentamisen mahdollisuuksia. Asukkaiden osallisuus hankkeessa j\u00e4i varsin v\u00e4h\u00e4iseksi, osin koronasta johtuen. Kyseess\u00e4 on vasta t\u00e4ydennysrakennuskohteiden visio, ja lopullisesti asiat ratkeavat kaavoituksessa. N\u00e4ihin hankkeessa hahmoteltuihin t\u00e4ydennysrakentamisen harkinnan kohteisiin valikoitui kuitenkin todella paljon alueen metsiin sijoittuvia kohteita, sek\u00e4 nykyisen rantaraitin alueelle sijoittuvia kohteita.<\/p>\n\n\n\n<figure class=\"wp-block-gallery has-nested-images columns-default is-cropped wp-block-gallery-2 is-layout-flex wp-block-gallery-is-layout-flex\">\n<figure class=\"wp-block-image size-large\"><a href=\"https:\/\/henkilot.vihreat.fi\/virpi.junttila\/files\/2025\/02\/IMG_0305-2.jpeg\"><img loading=\"lazy\" decoding=\"async\" width=\"1015\" height=\"1024\" data-id=\"603\" src=\"https:\/\/henkilot.vihreat.fi\/virpi.junttila\/files\/2025\/02\/IMG_0305-2-1015x1024.jpeg\" alt=\"\" class=\"wp-image-603\" srcset=\"https:\/\/henkilot.vihreat.fi\/virpi.junttila\/files\/2025\/02\/IMG_0305-2-980x989.jpeg 980w, https:\/\/henkilot.vihreat.fi\/virpi.junttila\/files\/2025\/02\/IMG_0305-2-480x484.jpeg 480w\" sizes=\"auto, (min-width: 0px) and (max-width: 480px) 480px, (min-width: 481px) and (max-width: 980px) 980px, (min-width: 981px) 1015px, 100vw\" \/><\/a><\/figure>\n\n\n\n<figure class=\"wp-block-image size-large\"><a href=\"https:\/\/henkilot.vihreat.fi\/virpi.junttila\/files\/2025\/02\/IMG_0304-2.jpeg\"><img loading=\"lazy\" decoding=\"async\" width=\"1024\" height=\"613\" data-id=\"604\" src=\"https:\/\/henkilot.vihreat.fi\/virpi.junttila\/files\/2025\/02\/IMG_0304-2-1024x613.jpeg\" alt=\"\" class=\"wp-image-604\" srcset=\"https:\/\/henkilot.vihreat.fi\/virpi.junttila\/files\/2025\/02\/IMG_0304-2-1024x613.jpeg 1024w, https:\/\/henkilot.vihreat.fi\/virpi.junttila\/files\/2025\/02\/IMG_0304-2-980x586.jpeg 980w, https:\/\/henkilot.vihreat.fi\/virpi.junttila\/files\/2025\/02\/IMG_0304-2-480x287.jpeg 480w\" sizes=\"auto, (min-width: 0px) and (max-width: 480px) 480px, (min-width: 481px) and (max-width: 980px) 980px, (min-width: 981px) 1024px, 100vw\" \/><\/a><\/figure>\n\n\n\n<figure class=\"wp-block-image size-large\"><a href=\"https:\/\/henkilot.vihreat.fi\/virpi.junttila\/files\/2025\/02\/IMG_0303-2.jpeg\"><img loading=\"lazy\" decoding=\"async\" width=\"797\" height=\"1024\" data-id=\"605\" src=\"https:\/\/henkilot.vihreat.fi\/virpi.junttila\/files\/2025\/02\/IMG_0303-2-797x1024.jpeg\" alt=\"\" class=\"wp-image-605\"\/><\/a><\/figure>\n<\/figure>\n\n\n\n<p><br \/>Asuntopoliittinen ohjelma, jota ei ole viel\u00e4 hyv\u00e4ksytty, luonnostelee rannan l\u00e4heist\u00e4 rakentamista n\u00e4in:<\/p>\n\n\n\n<figure class=\"wp-block-image size-full\"><a href=\"https:\/\/henkilot.vihreat.fi\/virpi.junttila\/files\/2025\/02\/IMG_0301.jpeg\"><img loading=\"lazy\" decoding=\"async\" width=\"1022\" height=\"1003\" src=\"https:\/\/henkilot.vihreat.fi\/virpi.junttila\/files\/2025\/02\/IMG_0301.jpeg\" alt=\"\" class=\"wp-image-606\" srcset=\"https:\/\/henkilot.vihreat.fi\/virpi.junttila\/files\/2025\/02\/IMG_0301.jpeg 1022w, https:\/\/henkilot.vihreat.fi\/virpi.junttila\/files\/2025\/02\/IMG_0301-980x962.jpeg 980w, https:\/\/henkilot.vihreat.fi\/virpi.junttila\/files\/2025\/02\/IMG_0301-480x471.jpeg 480w\" sizes=\"auto, (min-width: 0px) and (max-width: 480px) 480px, (min-width: 481px) and (max-width: 980px) 980px, (min-width: 981px) 1022px, 100vw\" \/><\/a><\/figure>\n\n\n\n<p>Asuntopoliittisen ohjelman luonnoksen muotoilu mahdollistaisi siis kaavoituksen rantaraitin alueelle. Vuoden 2025 alussa hyv\u00e4ksytyss\u00e4 Lappeenrannan kaavoitusohjelmassa rantojen rakentamista l\u00e4hdet\u00e4\u00e4nkin jo tarkastelemaan, jopa ennen asuntopoliittisen ohjelman hyv\u00e4ksymist\u00e4:<\/p>\n\n\n\n<figure class=\"wp-block-image size-large\"><a href=\"https:\/\/henkilot.vihreat.fi\/virpi.junttila\/files\/2025\/02\/IMG_0302.jpeg\"><img loading=\"lazy\" decoding=\"async\" width=\"1024\" height=\"571\" src=\"https:\/\/henkilot.vihreat.fi\/virpi.junttila\/files\/2025\/02\/IMG_0302-1024x571.jpeg\" alt=\"\" class=\"wp-image-607\" srcset=\"https:\/\/henkilot.vihreat.fi\/virpi.junttila\/files\/2025\/02\/IMG_0302-980x546.jpeg 980w, https:\/\/henkilot.vihreat.fi\/virpi.junttila\/files\/2025\/02\/IMG_0302-480x268.jpeg 480w\" sizes=\"auto, (min-width: 0px) and (max-width: 480px) 480px, (min-width: 481px) and (max-width: 980px) 980px, (min-width: 981px) 1024px, 100vw\" \/><\/a><\/figure>\n\n\n\n<p>kun kaavoitus py\u00f6r\u00e4ht\u00e4\u00e4 k\u00e4yntiin, tehd\u00e4\u00e4n yleens\u00e4 erilaisia luonnoksia siit\u00e4, kuinka paljon ja mihin sijoittuen rakentamista sallittaisiin. Silloin ollaan jo pitk\u00e4ll\u00e4, ja jos koko kaavaa ei kaadeta, voi vaikutusmahdollisuuksia olla en\u00e4\u00e4 vain rakentamisen massiivisuuden ja tarkan sijainnin suhteen.<\/p>\n\n\n\n<p>T\u00e4llaisissa yleisten virkistysk\u00e4ytt\u00f6\u00f6n tarkoitettujen alueiden kaventamiseen t\u00e4ht\u00e4\u00e4vien hankkeiden l\u00e4ht\u00f6kohtana pit\u00e4isi olla se, ett\u00e4 ennen mink\u00e4\u00e4nlaista kaavaprosessia kysyt\u00e4\u00e4n avoimesti asian hyv\u00e4ksytt\u00e4vyytt\u00e4 alueen asukkailta, vasta sen j\u00e4lkeen voidaan l\u00e4hte\u00e4 alueen suunnitteluun. Nyt t\u00e4t\u00e4 kysely\u00e4 ei ole ollut, ja todenn\u00e4k\u00f6isesti juuri kukaan asukas ei n\u00e4ist\u00e4 aikomuksesta edes tied\u00e4. Onkin varsin mahdollista, ett\u00e4 l\u00e4hivuosina L\u00e4nsialueelle esitet\u00e4\u00e4n rakentamista, joka tuo nyt luonnonl\u00e4heisen rantaraitin asutuksen keskelle. T\u00e4m\u00e4 ei saa tapahtua kuin huomaamatta, vaan asiasta olisi keskusteltava my\u00f6s kunnallisvaaleissa <\/p>\n\n\n\n<p><\/p>\n","protected":false},"excerpt":{"rendered":"<p>Lappeenrannassa on jo pitk\u00e4\u00e4n ollut k\u00e4yt\u00e4nt\u00f6n\u00e4, ett\u00e4 kaupunkialueen rannoille ei kaavoiteta omarantaisia tontteja, eik\u00e4 rantaraitin varren metsiin ole kaavoitettu. Nyt suunta vaikuttaa olevan muuttumassa, ilman isompia avoimia linjauksia asiasta. Erityisesti Lappeenrannan l\u00e4nsialueen rannan l\u00e4heisyyteen kohdistuu nyt painetta. Kuten kuvasta n\u00e4kyy, rantaraitin varrella on siell\u00e4 kaistale mets\u00e4\u00e4. Skinnarilan rantojen l\u00e4heisyydess\u00e4 asumistiheys on jopa suurempaa kuin kaupungin [&hellip;]<\/p>\n","protected":false},"author":600,"featured_media":0,"comment_status":"open","ping_status":"open","sticky":false,"template":"","format":"standard","meta":{"_et_pb_use_builder":"off","_et_pb_old_content":"<!-- wp:paragraph -->\n<p>Lappeenrannassa on jo pitk\u00e4\u00e4n ollut k\u00e4yt\u00e4nt\u00f6n\u00e4, ett\u00e4 kaupunkialueen rannoille ei kaavoiteta omarantaisia tontteja, eik\u00e4 rantaraitin varren metsiin ole kaavoitettu. Nyt suunta vaikuttaa olevan muuttumassa, ilman isompia avoimia linjauksia asiasta.<\/p>\n<!-- \/wp:paragraph -->\n\n<!-- wp:paragraph -->\n<p>Erityisesti Lappeenrannan l\u00e4nsialueen rannan l\u00e4heisyyteen kohdistuu nyt painetta. Kuten kuvasta n\u00e4kyy, rantaraitin varrella on siell\u00e4 kaistale mets\u00e4\u00e4. Skinnarilan rantojen l\u00e4heisyydess\u00e4 asumistiheys on jopa suurempaa kuin kaupungin keskustassa (kuva asuntopoliittisen ohjelman luonnoksesta), joten rantojen tarjoamalla luonnossa ulkoilun mahdollisuus on t\u00e4rke\u00e4\u00e4 alueelle.<\/p>\n<!-- \/wp:paragraph -->\n\n<!-- wp:gallery {\"linkTo\":\"file\"} -->\n<figure class=\"wp-block-gallery has-nested-images columns-default is-cropped\"><!-- wp:image {\"id\":595,\"sizeSlug\":\"large\",\"linkDestination\":\"media\",\"metadata\":{\"name\":\"Ilmakuva L\u00e4nsialueen rannoista\"}} -->\n<figure class=\"wp-block-image size-large\"><a href=\"https:\/\/henkilot.vihreat.fi\/virpi.junttila\/files\/2025\/02\/IMG_0306.jpeg\"><img src=\"https:\/\/henkilot.vihreat.fi\/virpi.junttila\/files\/2025\/02\/IMG_0306-1024x558.jpeg\" alt=\"\" class=\"wp-image-595\"\/><\/a><\/figure>\n<!-- \/wp:image -->\n\n<!-- wp:image {\"id\":594,\"sizeSlug\":\"large\",\"linkDestination\":\"media\",\"metadata\":{\"name\":\"Asumisv\u00e4ljyys \"}} -->\n<figure class=\"wp-block-image size-large\"><a href=\"https:\/\/henkilot.vihreat.fi\/virpi.junttila\/files\/2025\/02\/IMG_0299.jpeg\"><img src=\"https:\/\/henkilot.vihreat.fi\/virpi.junttila\/files\/2025\/02\/IMG_0299-1024x725.jpeg\" alt=\"\" class=\"wp-image-594\"\/><\/a><\/figure>\n<!-- \/wp:image --><\/figure>\n<!-- \/wp:gallery -->\n\n<!-- wp:paragraph -->\n<p>Osin korona-aikaan tehdyss\u00e4 Suur-Sammonlahden l\u00e4hi\u00f6hankkeessa l\u00e4nsialueelle hahmoteltiin t\u00e4ydennysrakentamisen mahdollisuuksia. Kyseess\u00e4 on vasta visio, ja lopullisesti asiat ratkeavat vasta kaavoituksessa. T\u00e4ydennysrakentamisen harkinnan kohteisiin valikoitui paljon alueen metsiin sijoittuvia kohteita, sek\u00e4 nykyisen rantaraitin alueelle sijoittuvia kohteita.<\/p>\n<!-- \/wp:paragraph -->\n\n<!-- wp:gallery {\"linkTo\":\"file\"} -->\n<figure class=\"wp-block-gallery has-nested-images columns-default is-cropped\"><!-- wp:image {\"id\":603,\"sizeSlug\":\"large\",\"linkDestination\":\"media\"} -->\n<figure class=\"wp-block-image size-large\"><a href=\"https:\/\/henkilot.vihreat.fi\/virpi.junttila\/files\/2025\/02\/IMG_0305-2.jpeg\"><img src=\"https:\/\/henkilot.vihreat.fi\/virpi.junttila\/files\/2025\/02\/IMG_0305-2-1015x1024.jpeg\" alt=\"\" class=\"wp-image-603\"\/><\/a><\/figure>\n<!-- \/wp:image -->\n\n<!-- wp:image {\"id\":604,\"sizeSlug\":\"large\",\"linkDestination\":\"media\"} -->\n<figure class=\"wp-block-image size-large\"><a href=\"https:\/\/henkilot.vihreat.fi\/virpi.junttila\/files\/2025\/02\/IMG_0304-2.jpeg\"><img src=\"https:\/\/henkilot.vihreat.fi\/virpi.junttila\/files\/2025\/02\/IMG_0304-2-1024x613.jpeg\" alt=\"\" class=\"wp-image-604\"\/><\/a><\/figure>\n<!-- \/wp:image -->\n\n<!-- wp:image {\"id\":605,\"sizeSlug\":\"large\",\"linkDestination\":\"media\"} -->\n<figure class=\"wp-block-image size-large\"><a href=\"https:\/\/henkilot.vihreat.fi\/virpi.junttila\/files\/2025\/02\/IMG_0303-2.jpeg\"><img src=\"https:\/\/henkilot.vihreat.fi\/virpi.junttila\/files\/2025\/02\/IMG_0303-2-797x1024.jpeg\" alt=\"\" class=\"wp-image-605\"\/><\/a><\/figure>\n<!-- \/wp:image --><\/figure>\n<!-- \/wp:gallery -->\n\n<!-- wp:paragraph -->\n<p>Asuntopoliittinen ohjelma, jota ei ole viel\u00e4 hyv\u00e4ksytty, luonnostelee rannan l\u00e4heist\u00e4 rakentamista n\u00e4in:<\/p>\n<!-- \/wp:paragraph -->\n\n<!-- wp:image {\"id\":606,\"sizeSlug\":\"full\",\"linkDestination\":\"media\"} -->\n<figure class=\"wp-block-image size-full\"><a href=\"https:\/\/henkilot.vihreat.fi\/virpi.junttila\/files\/2025\/02\/IMG_0301.jpeg\"><img src=\"https:\/\/henkilot.vihreat.fi\/virpi.junttila\/files\/2025\/02\/IMG_0301.jpeg\" alt=\"\" class=\"wp-image-606\"\/><\/a><\/figure>\n<!-- \/wp:image -->\n\n<!-- wp:paragraph -->\n<p>Asuntopoliittisen ohjelman luonnoksen muotoilu mahdollistaminen kaavoituksen rantaraitin alueelle. Vuoden 2025 alussa hyv\u00e4ksytyss\u00e4 kaavoitusohjelmassa rantojen rakentamista l\u00e4hdet\u00e4\u00e4nkin jo tarkastelemaan:<\/p>\n<!-- \/wp:paragraph -->\n\n<!-- wp:image {\"id\":607,\"sizeSlug\":\"large\",\"linkDestination\":\"media\"} -->\n<figure class=\"wp-block-image size-large\"><a href=\"https:\/\/henkilot.vihreat.fi\/virpi.junttila\/files\/2025\/02\/IMG_0302.jpeg\"><img src=\"https:\/\/henkilot.vihreat.fi\/virpi.junttila\/files\/2025\/02\/IMG_0302-1024x571.jpeg\" alt=\"\" class=\"wp-image-607\"\/><\/a><\/figure>\n<!-- \/wp:image -->\n\n<!-- wp:paragraph -->\n<p>kun kaavoitus py\u00f6r\u00e4ht\u00e4\u00e4 k\u00e4yntiin, tehd\u00e4\u00e4n yleens\u00e4 erilaisia luonnoksia siit\u00e4, kuinka paljon ja mihin sijoittuen rakentamista sallittaisiin. Silloin ollaan jo pitk\u00e4ll\u00e4, ja jos koko kaavaa ei kaadeta, voi vaikutusmahdollisuuksia olla en\u00e4\u00e4 vain rakentamisen massiivisuuden ja tarkan sijainnin suhteen.<\/p>\n<!-- \/wp:paragraph -->\n\n<!-- wp:paragraph -->\n<p>T\u00e4llaisissa yhteisiss\u00e4 olohuoneissa l\u00e4ht\u00f6kohtana pit\u00e4isi olla ensin se, ett\u00e4 kysyt\u00e4\u00e4n yleisesti asian hyv\u00e4ksytt\u00e4vyytt\u00e4 alueen asukkailta, vasta sen j\u00e4lkeen voidaan l\u00e4hte\u00e4 alueen suunnitteluun. Nyt t\u00e4t\u00e4 kysely\u00e4 ei ole ollut.<\/p>\n<!-- \/wp:paragraph -->\n\n<!-- wp:paragraph -->\n<p><\/p>\n<!-- \/wp:paragraph -->\n\n<!-- wp:paragraph -->\n<p><\/p>\n<!-- \/wp:paragraph -->","_et_gb_content_width":"","footnotes":""},"categories":[3],"tags":[73,75,74,76],"class_list":["post-592","post","type-post","status-publish","format-standard","hentry","category-matkan-varrelta","tag-kaavoitus","tag-lahiluonto","tag-rantaraitti","tag-virkistysalue"],"_links":{"self":[{"href":"https:\/\/henkilot.vihreat.fi\/virpi.junttila\/wp-json\/wp\/v2\/posts\/592","targetHints":{"allow":["GET"]}}],"collection":[{"href":"https:\/\/henkilot.vihreat.fi\/virpi.junttila\/wp-json\/wp\/v2\/posts"}],"about":[{"href":"https:\/\/henkilot.vihreat.fi\/virpi.junttila\/wp-json\/wp\/v2\/types\/post"}],"author":[{"embeddable":true,"href":"https:\/\/henkilot.vihreat.fi\/virpi.junttila\/wp-json\/wp\/v2\/users\/600"}],"replies":[{"embeddable":true,"href":"https:\/\/henkilot.vihreat.fi\/virpi.junttila\/wp-json\/wp\/v2\/comments?post=592"}],"version-history":[{"count":9,"href":"https:\/\/henkilot.vihreat.fi\/virpi.junttila\/wp-json\/wp\/v2\/posts\/592\/revisions"}],"predecessor-version":[{"id":614,"href":"https:\/\/henkilot.vihreat.fi\/virpi.junttila\/wp-json\/wp\/v2\/posts\/592\/revisions\/614"}],"wp:attachment":[{"href":"https:\/\/henkilot.vihreat.fi\/virpi.junttila\/wp-json\/wp\/v2\/media?parent=592"}],"wp:term":[{"taxonomy":"category","embeddable":true,"href":"https:\/\/henkilot.vihreat.fi\/virpi.junttila\/wp-json\/wp\/v2\/categories?post=592"},{"taxonomy":"post_tag","embeddable":true,"href":"https:\/\/henkilot.vihreat.fi\/virpi.junttila\/wp-json\/wp\/v2\/tags?post=592"}],"curies":[{"name":"wp","href":"https:\/\/api.w.org\/{rel}","templated":true}]}}