{"id":314,"date":"2017-02-16T22:32:03","date_gmt":"2017-02-16T20:32:03","guid":{"rendered":"https:\/\/henkilot.vihreat.fi\/virpi.junttila\/?p=314"},"modified":"2017-02-27T22:32:16","modified_gmt":"2017-02-27T20:32:16","slug":"mielipidekirjoitus-etela-saimaassa-16-2-2017-liittyen-suomi-100v-juhlavuoden-kunniaksi-tekemaamme-luonnonsuojelualoitteeseen","status":"publish","type":"post","link":"https:\/\/henkilot.vihreat.fi\/virpi.junttila\/2017\/02\/16\/mielipidekirjoitus-etela-saimaassa-16-2-2017-liittyen-suomi-100v-juhlavuoden-kunniaksi-tekemaamme-luonnonsuojelualoitteeseen\/","title":{"rendered":"Mielipidekirjoitus Etel\u00e4-Saimaassa 16.2.2017 liittyen Suomi 100v.juhlavuoden kunniaksi tekem\u00e4\u00e4mme luonnonsuojelualoitteeseen"},"content":{"rendered":"<p><a href=\"https:\/\/henkilot.vihreat.fi\/virpi.junttila\/files\/2017\/02\/IMG_0164.jpg\"><img loading=\"lazy\" decoding=\"async\" class=\"size-medium wp-image-315 alignright\" src=\"https:\/\/henkilot.vihreat.fi\/virpi.junttila\/files\/2017\/02\/IMG_0164-300x200.jpg\" alt=\"\" width=\"300\" height=\"200\" srcset=\"https:\/\/henkilot.vihreat.fi\/virpi.junttila\/files\/2017\/02\/IMG_0164-300x200.jpg 300w, https:\/\/henkilot.vihreat.fi\/virpi.junttila\/files\/2017\/02\/IMG_0164-768x512.jpg 768w, https:\/\/henkilot.vihreat.fi\/virpi.junttila\/files\/2017\/02\/IMG_0164.jpg 1010w\" sizes=\"auto, (max-width: 300px) 100vw, 300px\" \/><\/a><strong><span style=\"font-size: small;\">Virkistysmets\u00e4 on arvokkain pystyss\u00e4<\/span><\/strong><\/p>\n<p>Biotaloushuuma kannustaa hakkaamaan maamme metsi\u00e4 enemm\u00e4n kuin koskaan.Hakkuut n\u00e4hd\u00e4\u00e4n kest\u00e4viksi kunhan mets\u00e4 tuottaa enemm\u00e4n puuta kuin sielt\u00e4 pois hakataan. Mets\u00e4luontomme voi kuitenkin jo nyt huonosti. Tuhannet mets\u00e4lajit ovat h\u00e4t\u00e4\u00e4 k\u00e4rsim\u00e4ss\u00e4 sopivien elinalueiden kadottua. Varsinkin vanhoista metsist\u00e4 ja lahopuusta on pulaa.<\/p>\n<p>Nykyiset hakkuutavoitteet eiv\u00e4t ymm\u00e4rr\u00e4 yli satavuotiaita metsi\u00e4, koska n\u00e4iden kasvu ei tuo riitt\u00e4v\u00e4\u00e4 vuosituottoa. Luonnon kannalta t\u00e4llaiset mets\u00e4t alkavat vasta l\u00e4hesty\u00e4 parasta aikuisuuttaan. Vanhoja<br \/>\nmonimuotoisia metsi\u00e4 saamme lis\u00e4\u00e4 vain jos annamme edes osan nykymetsist\u00e4 ik\u00e4\u00e4nty\u00e4 rauhassa.<\/p>\n<p>Luonnoltaan arvokkaassa mets\u00e4ss\u00e4 viihtyy my\u00f6s ihminen. Suojelualueet ja kansallispuistot ovat suosittuja virkistysmetsi\u00e4. Kaupunkimets\u00e4t tarjoavat tasapuolisen v\u00e4yl\u00e4n kuntalaisten terveyden ja hyvinvoinnin<br \/>\nedist\u00e4miseen. Niit\u00e4 pit\u00e4isi hoitaa nimenomaan virkistys- ja luonton\u00e4k\u00f6kulmasta. Silti saamme jatkuvasti vihaisia tai surullisia yhteydenottoja, kun l\u00e4himets\u00e4ss\u00e4 moto on tehnyt t\u00e4ystuhoa.<\/p>\n<p>Lappeenrannassa virallisiin suojeluohjelmiin ei juuri ole l\u00f6ytynyt sopivia metsi\u00e4. Jo t\u00e4m\u00e4n pit\u00e4isi her\u00e4tt\u00e4\u00e4 p\u00e4\u00e4tt\u00e4j\u00e4t: Miss\u00e4 oikeat mets\u00e4mme ovat? Uus-Lavolassa ja Rauha-Tiurun alueella on kuitenkin varttumassa luontoarvoiltaan ja ik\u00e4rakenteeltaan hyvi\u00e4 metsi\u00e4. Mutta annetaanko niillek\u00e4\u00e4n mahdollisuutta?<\/p>\n<p>Teimme aloitteen, ett\u00e4 kaupunki suojelisi tulevaisuuden luontoarvoalueilta sata hehtaaria mets\u00e4\u00e4 satavuotiaalle Suomelle. Kerroimme hyvist\u00e4 vaihtoehdoista yli 200 hehtaarin edest\u00e4. Kaupunki ei<br \/>\nvalmiiseen pakettiin tarttunut: uusia suojelualueita l\u00f6ydettiin l\u00e4hinn\u00e4 saarista ja vain 41 hehtaaria. Suomi ei kuitenkaan t\u00e4yt\u00e4 41 vuotta vuonna 2017.<\/p>\n<p>Onko todellakin niin, ettei kaupungin 3600 mets\u00e4hehtaarista l\u00f6ydy sadan hehtaarin edest\u00e4 metsi\u00e4, joissa voisi tunnustaa muitakin kuin talousmets\u00e4n arvoja? Talousmets\u00e4t eiv\u00e4t kaupungilta lopu juhlavuoden j\u00e4lkeenk\u00e4\u00e4n.<\/p>\n<p>Kimmo Saarinen, puheenjohtaja, Suomen luonnonsuojeluliitto Etel\u00e4-<br \/>\nKarjala ry<br \/>\nVirpi Junttila, kaupunginvaltuutettu (vihr.)<\/p>\n","protected":false},"excerpt":{"rendered":"<p>Virkistysmets\u00e4 on arvokkain pystyss\u00e4 Biotaloushuuma kannustaa hakkaamaan maamme metsi\u00e4 enemm\u00e4n kuin koskaan.Hakkuut n\u00e4hd\u00e4\u00e4n kest\u00e4viksi kunhan mets\u00e4 tuottaa enemm\u00e4n puuta kuin sielt\u00e4 pois hakataan. Mets\u00e4luontomme voi kuitenkin jo nyt huonosti. Tuhannet mets\u00e4lajit ovat h\u00e4t\u00e4\u00e4 k\u00e4rsim\u00e4ss\u00e4 sopivien elinalueiden kadottua. Varsinkin vanhoista metsist\u00e4 ja lahopuusta on pulaa. Nykyiset hakkuutavoitteet eiv\u00e4t ymm\u00e4rr\u00e4 yli satavuotiaita metsi\u00e4, koska n\u00e4iden kasvu ei [&hellip;]<\/p>\n","protected":false},"author":600,"featured_media":315,"comment_status":"open","ping_status":"open","sticky":false,"template":"","format":"standard","meta":{"_et_pb_use_builder":"","_et_pb_old_content":"","_et_gb_content_width":"","footnotes":""},"categories":[3],"tags":[27,6,25,24,26],"class_list":["post-314","post","type-post","status-publish","format-standard","has-post-thumbnail","hentry","category-matkan-varrelta","tag-arvokas","tag-luonto","tag-metsat","tag-suomi-100","tag-virkistys"],"_links":{"self":[{"href":"https:\/\/henkilot.vihreat.fi\/virpi.junttila\/wp-json\/wp\/v2\/posts\/314","targetHints":{"allow":["GET"]}}],"collection":[{"href":"https:\/\/henkilot.vihreat.fi\/virpi.junttila\/wp-json\/wp\/v2\/posts"}],"about":[{"href":"https:\/\/henkilot.vihreat.fi\/virpi.junttila\/wp-json\/wp\/v2\/types\/post"}],"author":[{"embeddable":true,"href":"https:\/\/henkilot.vihreat.fi\/virpi.junttila\/wp-json\/wp\/v2\/users\/600"}],"replies":[{"embeddable":true,"href":"https:\/\/henkilot.vihreat.fi\/virpi.junttila\/wp-json\/wp\/v2\/comments?post=314"}],"version-history":[{"count":3,"href":"https:\/\/henkilot.vihreat.fi\/virpi.junttila\/wp-json\/wp\/v2\/posts\/314\/revisions"}],"predecessor-version":[{"id":318,"href":"https:\/\/henkilot.vihreat.fi\/virpi.junttila\/wp-json\/wp\/v2\/posts\/314\/revisions\/318"}],"wp:featuredmedia":[{"embeddable":true,"href":"https:\/\/henkilot.vihreat.fi\/virpi.junttila\/wp-json\/wp\/v2\/media\/315"}],"wp:attachment":[{"href":"https:\/\/henkilot.vihreat.fi\/virpi.junttila\/wp-json\/wp\/v2\/media?parent=314"}],"wp:term":[{"taxonomy":"category","embeddable":true,"href":"https:\/\/henkilot.vihreat.fi\/virpi.junttila\/wp-json\/wp\/v2\/categories?post=314"},{"taxonomy":"post_tag","embeddable":true,"href":"https:\/\/henkilot.vihreat.fi\/virpi.junttila\/wp-json\/wp\/v2\/tags?post=314"}],"curies":[{"name":"wp","href":"https:\/\/api.w.org\/{rel}","templated":true}]}}