{"id":26544,"date":"2025-02-19T17:55:36","date_gmt":"2025-02-19T15:55:36","guid":{"rendered":"https:\/\/henkilot.vihreat.fi\/minna.roukkio-taipale\/?p=26544"},"modified":"2025-02-19T17:55:37","modified_gmt":"2025-02-19T15:55:37","slug":"nakokulmaa-nuorten-mukaan-saamiseen","status":"publish","type":"post","link":"https:\/\/henkilot.vihreat.fi\/minna.roukkio-taipale\/2025\/02\/19\/nakokulmaa-nuorten-mukaan-saamiseen\/","title":{"rendered":"N\u00e4k\u00f6kulmaa nuorten mukaan saamiseen"},"content":{"rendered":"\n<p class=\"wp-block-paragraph\">Olen kuunnellut ja ihmetellyt hallituksen p\u00e4\u00e4t\u00f6ksi\u00e4. Nuorten asioissa olen t\u00f6rm\u00e4nnyt my\u00f6s ihan puhtaaseen ymm\u00e4rt\u00e4m\u00e4tt\u00f6myyteen. Joko ei tiedet\u00e4, tai sitten ei v\u00e4litet\u00e4. Yrit\u00e4n uskoa tuohon tiedon puutteeseen. <\/p>\n\n\n\n<p class=\"wp-block-paragraph\">Sellaiseksi ajattelen my\u00f6s puheet laiskoista ty\u00f6tt\u00f6mist\u00e4 ja kouluttamattomista nuorista. Olen ehdottomasti ty\u00f6tt\u00f6myysturvassa vastikkeellisuuden kannalla. Mielest\u00e4ni my\u00f6s toimeentulotuen viimesijaisuus on eritt\u00e4in ymm\u00e4rrett\u00e4v\u00e4. Ehdot voivat olla tiukat, mutta kirist\u00e4misen varaa ei ole. Tied\u00e4n, ennen hiihdettiin h\u00f6yl\u00e4\u00e4m\u00e4tt\u00f6mill\u00e4 suksilla kes\u00e4t talvet molempiin suuntiin yl\u00e4m\u00e4keen. Mutta t\u00e4n\u00e4\u00e4n on nuorilla erilaisia haasteita. H\u00f6yl\u00e4 on toki jo l\u00f6ytynyt.<\/p>\n\n\n\n<p class=\"wp-block-paragraph\">Pari sanaa nuorista yhteiskunnassa. Ja niist\u00e4, joilla on syyst\u00e4 tai toisesta haastetta v\u00e4h\u00e4n enemm\u00e4n kuin olisi tarpeen. Mielest\u00e4ni nyt olisi hyv\u00e4 mietti\u00e4 ihan aikuisten oikeasti, miten saadaan n\u00e4m\u00e4kin nuoret mukaan yhteiskuntaan, siis ne syrj\u00e4ytymisvaarassa olevat ja jo syrj\u00e4ytyneet. Nykyisell\u00e4 syntyvyydell\u00e4 meill\u00e4 on syyt\u00e4 pel\u00e4t\u00e4, ett\u00e4 t\u00e4\u00e4lt\u00e4 loppuu tekij\u00e4t. Ik\u00e4luokat ovat muutenkin pieni\u00e4, ei meill\u00e4 ole varaa menett\u00e4\u00e4 siit\u00e4 yht\u00e4\u00e4n per\u00e4kammarin nurkkiin. Se ett\u00e4 nuoret syrj\u00e4ytyv\u00e4t, tulee yhteiskunnalle kalliiksi monella tapaa.<\/p>\n\n\n\n<p class=\"wp-block-paragraph\">Nuori, joka on alle 25 vuotta, muuttaa Suomessa omaan asuntoonsa usein ennen tuota vuosip\u00e4iv\u00e4\u00e4. Omasta el\u00e4m\u00e4st\u00e4ni, ja omia lapsia kasvattaneena, pid\u00e4n eritt\u00e4in luonnollisena, ett\u00e4 nuori on \u201dmaailman viisain\u201d muuten h\u00e4n ei uskaltaisi muuttaa omilleen noin nuorena. Mutta kiitos nykyisen \u201dkannustavan\u201d pyk\u00e4l\u00e4viidakon toivon l\u00e4mpim\u00e4sti, ett\u00e4 h\u00e4nell\u00e4 on muuttaessaan ammattitutkinto. Lukiohan on vain yleissivistyst\u00e4 nostava, sill\u00e4 ei ole ammatin kanssa oikeasti kovin paljoa tekemist\u00e4. Ylioppilas ei ole en\u00e4\u00e4 ammatti, se on oppiarvo. Jos esimerkiksi sairauden vuoksi koulussa k\u00e4ynti ei onnistu ammattitutkintoa vastaavasti, on nuori pulassa. Opintojen aikainen el\u00e4minen oletetaan rahoitettavan velkarahalla, eli jos nuori huomaa valinneensa ammatin, jolta ei ty\u00f6llisty, tai joka ei vastaa alkuper\u00e4ist\u00e4 k\u00e4sityst\u00e4si mielekk\u00e4\u00e4st\u00e4 el\u00e4m\u00e4nurasta, saat kouluajalta ainakin runsaat lainat. Velka kasvaa, oli sit\u00e4 tutkintoa taskussa tai ei. L\u00e4mmin k\u00e4denpuristus tulevaisuuteen? Ty\u00f6kuntoinen nuori haluaa yleens\u00e4 t\u00f6ihin. H\u00e4n my\u00f6s yleens\u00e4 hakee ty\u00f6t\u00e4. Jos h\u00e4nell\u00e4 ei ole ammattitutkintoa, h\u00e4nell\u00e4 ei ole oikeutta ty\u00f6tt\u00f6myysp\u00e4iv\u00e4rahaan ennen kuin 5 kuukauden odotusaika on kulunut. Joka k\u00e4\u00e4nteess\u00e4 oletetaan, ett\u00e4 h\u00e4n hakee uudelleen kouluun, jonka j\u00e4lkeen alkaa t\u00e4m\u00e4 \u201dkannustava\u201d 5 kk odotusaika uudelleen. N\u00e4in siis 25 -vuotiaaksi asti. Niit\u00e4 t\u00f6it\u00e4, kun ei juuri l\u00f6ydy kouluttamattomalle, ja usein on nuorella my\u00f6s joku muu syy, jonka vuoksi ei ole ammattitutkintoa. T\u00f6ihin menohan olisi helppo ratkaisu, ja t\u00e4ydent\u00e4\u00e4 koulutustaan my\u00f6hemmin. T\u00e4m\u00e4 odotusaika ei luultavasti poista syyt\u00e4, se vain \u201dkannustaa\u201d. Ainoa tulo el\u00e4miseen tuolta odotusajalta on toimeentulotuki. <\/p>\n\n\n\n<p class=\"wp-block-paragraph\">Toimeentulotuki kuulostaa todella runsaalta, mutta todellisuudessa se ei paljoa ole, yksin asuvalle 593,55 \u20ac\/kk + kohtuulliset asumismenot. Toimeentulotukeen vaikuttavat nuoren saamat rahalahjat, nettipokerivoitot ja l\u00e4hes kaikki muukin tilill\u00e4 k\u00e4yv\u00e4 rahaliikenne. Siis n\u00e4m\u00e4 laskevat toimeentulotukea, mutta siihen ei ole korotuseri\u00e4. Minua suunnitelmat leikata toimeentulotuesta kauhistuttavat. Mist\u00e4 n\u00e4m\u00e4 nuoret, saavat rahat vuokraan, edes siihen pienimp\u00e4\u00e4n asuntoon? Ei heill\u00e4 ole s\u00e4\u00e4st\u00f6j\u00e4, eik\u00e4 talletuksia. Ne k\u00e4ytet\u00e4\u00e4n aina ensin, ennen ensimm\u00e4isen hakemuksen hyv\u00e4ksymist\u00e4. Tiesitk\u00f6 muuten, ett\u00e4 toimeentulotuen perusosasta puolet maksaa kunta, toisen puolen valtio. Nuorilla on monen mielest\u00e4 helppoa, mutta isoimmalta osalta se perustuu tiet\u00e4m\u00e4tt\u00f6myyteen. Harva vanhempikaan alkaa kadunkulmassa huutamaan ongelmiaan, tai, h\u00e4nt\u00e4 saatetaan pit\u00e4\u00e4 v\u00e4h\u00e4n h\u00f6ps\u00f6n\u00e4, jos niin tekee. Meid\u00e4n yhteiskunnassa on ollut tapana pit\u00e4\u00e4 kaikista huolen. Annetaan n\u00e4ille nuorille tulevaisuus, se voi olla jotain muuta kuin arki t\u00e4ll\u00e4 hetkell\u00e4. Annetaan he mahdollisuus.<\/p>\n\n\n\n<p class=\"wp-block-paragraph\">Minna Roukkio-Taipale<br \/>19.1.2025<\/p>\n\n\n\n<p class=\"wp-block-paragraph\"><\/p>\n","protected":false},"excerpt":{"rendered":"<p>Olen kuunnellut ja ihmetellyt hallituksen p\u00e4\u00e4t\u00f6ksi\u00e4. Nuorten asioissa olen t\u00f6rm\u00e4nnyt my\u00f6s ihan puhtaaseen ymm\u00e4rt\u00e4m\u00e4tt\u00f6myyteen. Joko ei tiedet\u00e4, tai sitten ei v\u00e4litet\u00e4. Yrit\u00e4n uskoa tuohon tiedon puutteeseen. Sellaiseksi ajattelen my\u00f6s puheet laiskoista ty\u00f6tt\u00f6mist\u00e4 ja kouluttamattomista nuorista. Olen ehdottomasti ty\u00f6tt\u00f6myysturvassa vastikkeellisuuden kannalla. Mielest\u00e4ni my\u00f6s toimeentulotuen viimesijaisuus on eritt\u00e4in ymm\u00e4rrett\u00e4v\u00e4. Ehdot voivat olla tiukat, mutta kirist\u00e4misen varaa ei [&hellip;]<\/p>\n","protected":false},"author":1387,"featured_media":0,"comment_status":"closed","ping_status":"closed","sticky":false,"template":"","format":"standard","meta":{"_crdt_document":"","footnotes":""},"categories":[1],"tags":[],"class_list":["post-26544","post","type-post","status-publish","format-standard","hentry","category-tiedotteet"],"featuredImage":"","authorName":"Minna Roukkio-Taipale","term":["Tiedotteet"],"author_url":"https:\/\/henkilot.vihreat.fi\/minna.roukkio-taipale\/?p=26544","_links":{"self":[{"href":"https:\/\/henkilot.vihreat.fi\/minna.roukkio-taipale\/wp-json\/wp\/v2\/posts\/26544","targetHints":{"allow":["GET"]}}],"collection":[{"href":"https:\/\/henkilot.vihreat.fi\/minna.roukkio-taipale\/wp-json\/wp\/v2\/posts"}],"about":[{"href":"https:\/\/henkilot.vihreat.fi\/minna.roukkio-taipale\/wp-json\/wp\/v2\/types\/post"}],"author":[{"embeddable":true,"href":"https:\/\/henkilot.vihreat.fi\/minna.roukkio-taipale\/wp-json\/wp\/v2\/users\/1387"}],"replies":[{"embeddable":true,"href":"https:\/\/henkilot.vihreat.fi\/minna.roukkio-taipale\/wp-json\/wp\/v2\/comments?post=26544"}],"version-history":[{"count":1,"href":"https:\/\/henkilot.vihreat.fi\/minna.roukkio-taipale\/wp-json\/wp\/v2\/posts\/26544\/revisions"}],"predecessor-version":[{"id":26545,"href":"https:\/\/henkilot.vihreat.fi\/minna.roukkio-taipale\/wp-json\/wp\/v2\/posts\/26544\/revisions\/26545"}],"wp:attachment":[{"href":"https:\/\/henkilot.vihreat.fi\/minna.roukkio-taipale\/wp-json\/wp\/v2\/media?parent=26544"}],"wp:term":[{"taxonomy":"category","embeddable":true,"href":"https:\/\/henkilot.vihreat.fi\/minna.roukkio-taipale\/wp-json\/wp\/v2\/categories?post=26544"},{"taxonomy":"post_tag","embeddable":true,"href":"https:\/\/henkilot.vihreat.fi\/minna.roukkio-taipale\/wp-json\/wp\/v2\/tags?post=26544"}],"curies":[{"name":"wp","href":"https:\/\/api.w.org\/{rel}","templated":true}]}}