{"id":28770,"date":"2023-02-25T18:22:51","date_gmt":"2023-02-25T16:22:51","guid":{"rendered":"https:\/\/henkilot.vihreat.fi\/eve.ramo\/?p=28770"},"modified":"2023-02-25T18:22:52","modified_gmt":"2023-02-25T16:22:52","slug":"kun-uskoo-etta-jarjestelmassa-on-virhe-on-taisteltava-sen-puolesta-etta-virhe-korjataan","status":"publish","type":"post","link":"https:\/\/henkilot.vihreat.fi\/eve.ramo\/kun-uskoo-etta-jarjestelmassa-on-virhe-on-taisteltava-sen-puolesta-etta-virhe-korjataan\/","title":{"rendered":"Kun uskoo, ett\u00e4 j\u00e4rjestelm\u00e4ss\u00e4 on virhe, on taisteltava sen puolesta, ett\u00e4 virhe korjataan."},"content":{"rendered":"\n<p>Kun uskoo, ett\u00e4 j\u00e4rjestelm\u00e4ss\u00e4 on virhe, on taisteltava sen puolesta, ett\u00e4 virhe korjataan.<\/p>\n\n\n\n<figure class=\"wp-block-image\"><img decoding=\"async\" src=\"https:\/\/static.xx.fbcdn.net\/images\/emoji.php\/v9\/t33\/1.5\/16\/1f469_1f3fc_200d_2696.png\" alt=\"&#x1f469;&#x1f3fc;&#x200d;&#x2696;&#xfe0f;\"\/><\/figure>\n\n\n\n<p>T\u00e4ss\u00e4 tapauksessa voi joko istua toivomassa lakimuutosta tai olla itse aktiivinen ja hakea asiaan ennakkop\u00e4\u00e4t\u00f6st\u00e4 oikeusteitse.<\/p>\n\n\n\n<figure class=\"wp-block-image\"><img decoding=\"async\" src=\"https:\/\/static.xx.fbcdn.net\/images\/emoji.php\/v9\/ta2\/1.5\/16\/1f4da.png\" alt=\"&#x1f4da;\"\/><\/figure>\n\n\n\n<p>Jotta asiaan voi hakea muutosta tarvitaan siit\u00e4 valtuuston tekem\u00e4 valituskelpoinen p\u00e4\u00e4t\u00f6s. Jos itse vapaaehtoisesti eroaa toimestaan ei siit\u00e4 voi valittaa.<\/p>\n\n\n\n<figure class=\"wp-block-image\"><img decoding=\"async\" src=\"https:\/\/static.xx.fbcdn.net\/images\/emoji.php\/v9\/ta4\/1.5\/16\/1f4dc.png\" alt=\"&#x1f4dc;\"\/><\/figure>\n\n\n\n<p><a><\/a>Hallintovalitus on osa normaalia demokratiaa. Kuka tahansa voi tehd\u00e4 hallintovalituksen toimielinten p\u00e4\u00e4t\u00f6ksist\u00e4 jos kokee niiden olevan v\u00e4\u00e4rin tehtyj\u00e4. Siin\u00e4 ei ole mit\u00e4\u00e4n kummallista.<\/p>\n\n\n\n<figure class=\"wp-block-image\"><img decoding=\"async\" src=\"https:\/\/static.xx.fbcdn.net\/images\/emoji.php\/v9\/tfc\/1.5\/16\/1f937_200d_2640.png\" alt=\"&#x1f937;&#x200d;&#x2640;&#xfe0f;\"\/><\/figure>\n\n\n\n<p>Perustelut erimielisyydelleni kuvissa. <a href=\"https:\/\/www.vantaansanomat.fi\/paikalliset\/5746207\">Linkki<\/a> Vantaan Sanomien juttuun aiheesta.<\/p>\n\n\n\n<figure class=\"wp-block-image\"><img decoding=\"async\" src=\"https:\/\/static.xx.fbcdn.net\/images\/emoji.php\/v9\/tf6\/1.5\/16\/1f468_200d_2696.png\" alt=\"&#x1f468;&#x200d;&#x2696;&#xfe0f;\"\/><\/figure>\n\n\n\n<p>#vantaakeravahyvinvointialue #vantaakerava #oikeus #ennakkotapaus #j\u00e4\u00e4vi #vantaa #kerava #hallinto #tulkinta #laki #sote<\/p>\n","protected":false},"excerpt":{"rendered":"<p>Kun uskoo, ett\u00e4 j\u00e4rjestelm\u00e4ss\u00e4 on virhe, on taisteltava sen puolesta, ett\u00e4 virhe korjataan. T\u00e4ss\u00e4 tapauksessa voi joko istua toivomassa lakimuutosta tai olla itse aktiivinen ja hakea asiaan ennakkop\u00e4\u00e4t\u00f6st\u00e4 oikeusteitse. Jotta asiaan voi hakea muutosta tarvitaan siit\u00e4 valtuuston tekem\u00e4 valituskelpoinen p\u00e4\u00e4t\u00f6s.<\/p>\n","protected":false},"author":162,"featured_media":0,"comment_status":"open","ping_status":"open","sticky":false,"template":"","format":"standard","meta":{"jetpack_post_was_ever_published":false,"_jetpack_newsletter_access":"","_jetpack_dont_email_post_to_subs":false,"_jetpack_newsletter_tier_id":0,"_jetpack_memberships_contains_paywalled_content":false,"_jetpack_memberships_contains_paid_content":false,"footnotes":""},"categories":[1],"tags":[],"class_list":["post-28770","post","type-post","status-publish","format-standard","hentry","category-tiedotteet"],"jetpack_featured_media_url":"","jetpack_sharing_enabled":true,"jetpack_shortlink":"https:\/\/wp.me\/p8pbUN-7u2","jetpack_likes_enabled":true,"jetpack-related-posts":[{"id":167,"url":"https:\/\/henkilot.vihreat.fi\/eve.ramo\/james-ja-kumppanit-ihmisyyden-raunioilla\/","url_meta":{"origin":28770,"position":0},"title":"James ja kumppanit- ihmisyyden raunioilla","author":"eve.ramo","date":"3.10.2013","format":false,"excerpt":"James ja kumppanit- ihmisyyden raunioilla \u00a0 Olin viime talvena ensimm\u00e4ist\u00e4 kertaa Kambozhassa. Ennen matkaa sinne, luin punakhmeereist\u00e4, historiasta sek\u00e4 Loung Ungin Firts they killed my father- kirjan ( ja sitten sen jatko-osan koska kirja oli oikeasti hyv\u00e4 ja koskettava). Asiat tuntuivat raskailta, mutta kaukaisilta. P\u00e4iv\u00e4mme maan p\u00e4\u00e4kaupungissa Phnom Penhiss\u00e4 oli\u2026","rel":"","context":"Kategoriassa &quot;Blogi&quot;","block_context":{"text":"Blogi","link":"https:\/\/henkilot.vihreat.fi\/eve.ramo\/aiheet\/blogi\/"},"img":{"alt_text":"","src":"","width":0,"height":0},"classes":[]},{"id":27403,"url":"https:\/\/henkilot.vihreat.fi\/eve.ramo\/opetuslautakunta-18-3-19\/","url_meta":{"origin":28770,"position":1},"title":"opetuslautakunta 18.3.19","author":"eve.ramo","date":"18.3.2019","format":false,"excerpt":"Kiireisen eduskuntavaalikampanjoinnin keskelt\u00e4 p\u00e4\u00e4si v\u00e4lill\u00e4 kokoustamaan! Minua voit \u00e4\u00e4nest\u00e4\u00e4 eduskuntaan uudeltamaalta numerolla 431! Opetuslautakunnan alussa saimme paljon ajankohtaisia, t\u00e4rkeit\u00e4 ja mielenkiintoisia esittelyit\u00e4. Olemme pohtineet kovasti lista-asioiden tiimoilta sit\u00e4, millaisia henkil\u00f6st\u00f6poliittisia linjauksia Vantaalla on. Saimme t\u00e4n\u00e4\u00e4n asiaan valaisevaa tietoa joka oli osin ristiriitaista oman kokemukseni pohjalta. Saimme my\u00f6s toivoa siit\u00e4, ett\u00e4\u2026","rel":"","context":"Kategoriassa &quot;Blogi&quot;","block_context":{"text":"Blogi","link":"https:\/\/henkilot.vihreat.fi\/eve.ramo\/aiheet\/blogi\/"},"img":{"alt_text":"","src":"https:\/\/i0.wp.com\/henkilot.vihreat.fi\/eve.ramo\/files\/2019\/03\/EVER-hyv%C3%A4_SOME_arvokuvapohja_1200x1200px-300x300.jpg?resize=350%2C200&ssl=1","width":350,"height":200},"classes":[]},{"id":27122,"url":"https:\/\/henkilot.vihreat.fi\/eve.ramo\/viikolla-45-on-kokoustettu-hurjasti-oplaa-ja-aluetta-korson-kirkkoherraa-kaupunginjohtajaehdokasta-ja-valtuuston-infokokousta\/","url_meta":{"origin":28770,"position":2},"title":"Viikolla 45 on kokoustettu hurjasti \u2013 oplaa ja aluetta, Korson kirkkoherraa, kaupunginjohtajaehdokasta ja valtuuston infokokousta.","author":"eve.ramo","date":"10.11.2017","format":false,"excerpt":"Viikolla 45 on kokoustettu hurjasti \u2013 oplaa ja aluetta, Korson kirkkoherraa, kaupunginjohtajaehdokasta ja valtuuston infokokousta. \u00a0 Maanantaina 6.11.17 on kokoustettu tuplasti ja ehk\u00e4 hieman vajaasti johtuen kokouksien ajankohtien osittaisesta p\u00e4\u00e4llekk\u00e4isyydest\u00e4. Alkuun kuulimme selvityksi\u00e4 kolmiportaisesta tuesta perusopetuksessa, esittelyn Vantaan ammattiopisto Varian ammatillisen koulutuksen aloituspaikoista sek\u00e4 oppisopimuskoulutuksena toteutettavan ammatillisen peruskoulutuksen opiskelijam\u00e4\u00e4rist\u00e4. T\u00e4m\u00e4n\u2026","rel":"","context":"Kategoriassa &quot;Kokousblogi&quot;","block_context":{"text":"Kokousblogi","link":"https:\/\/henkilot.vihreat.fi\/eve.ramo\/aiheet\/kokousblogi\/"},"img":{"alt_text":"","src":"https:\/\/i0.wp.com\/henkilot.vihreat.fi\/eve.ramo\/files\/2017\/10\/FB_IMG_1507570489657.jpg?resize=350%2C200&ssl=1","width":350,"height":200,"srcset":"https:\/\/i0.wp.com\/henkilot.vihreat.fi\/eve.ramo\/files\/2017\/10\/FB_IMG_1507570489657.jpg?resize=350%2C200&ssl=1 1x, https:\/\/i0.wp.com\/henkilot.vihreat.fi\/eve.ramo\/files\/2017\/10\/FB_IMG_1507570489657.jpg?resize=525%2C300&ssl=1 1.5x, https:\/\/i0.wp.com\/henkilot.vihreat.fi\/eve.ramo\/files\/2017\/10\/FB_IMG_1507570489657.jpg?resize=700%2C400&ssl=1 2x"},"classes":[]},{"id":197,"url":"https:\/\/henkilot.vihreat.fi\/eve.ramo\/kuka-kayttaa-kirkollisverorahasi\/","url_meta":{"origin":28770,"position":3},"title":"Kuka k\u00e4ytt\u00e4\u00e4 kirkollisverorahasi?","author":"eve.ramo","date":"12.9.2014","format":false,"excerpt":"Kuka k\u00e4ytt\u00e4\u00e4 kirkollisverorahasi? \u00a0 Seurakuntavaalien ehdokasasettelu p\u00e4\u00e4ttyy maanantaina 15.9 klo 16.00. Marraskuussa pidett\u00e4viss\u00e4 vaaleissa valitaan ev.lut seurakuntiin yli 9000 luottamushenkil\u00f6\u00e4 jotka p\u00e4\u00e4tt\u00e4v\u00e4t seuraavat nelj\u00e4 vuotta seurakuntien rahank\u00e4yt\u00f6st\u00e4 ja k\u00e4yt\u00e4nn\u00f6n linjauksista. N\u00e4m\u00e4 luottamushenkil\u00f6t valitsevat tulevalla kaudellaan my\u00f6s edustajat kirkolliskokoukseen, kirkon parlamenttiin. Kirkolliskokous on kirkon ylin p\u00e4\u00e4tt\u00e4v\u00e4 elin joka tekee lakimuutokset kirkkolakiin\u2026","rel":"","context":"Kategoriassa &quot;Blogi&quot;","block_context":{"text":"Blogi","link":"https:\/\/henkilot.vihreat.fi\/eve.ramo\/aiheet\/blogi\/"},"img":{"alt_text":"","src":"","width":0,"height":0},"classes":[]},{"id":27201,"url":"https:\/\/henkilot.vihreat.fi\/eve.ramo\/opetuslautakunta-16-4-18\/","url_meta":{"origin":28770,"position":4},"title":"Opetuslautakunta 16.4.18","author":"eve.ramo","date":"16.4.2018","format":false,"excerpt":"T\u00e4m\u00e4n maanantain lista piti sis\u00e4ll\u00e4\u00e4n alussa infon Varian YT neuvotteluista. T\u00e4m\u00e4 oli kaivattu infopl\u00e4j\u00e4ys asiaan. Resurssiviisauden tiekarttaa tarkasteltiin sivistystoimen n\u00e4k\u00f6kulmasta. Asiakohdassa 7 lautakunta j\u00e4tti asiaan yksimielisen lis\u00e4yksen porvariryhm\u00e4n aloitteesta: \u201cOpetuslautakunta esitt\u00e4\u00e4, ett\u00e4 tiekartassa huomioidaan terveellisen sis\u00e4ymp\u00e4rist\u00f6n merkitys kiinteist\u00f6jen energiatehokkuutta parannettaessa. Yhdyskuntarakenteen ja liikkumisen osalta on huomioitava palveluverkon merkitys. P\u00e4ivitt\u00e4in k\u00e4ytett\u00e4vien\u2026","rel":"","context":"Kategoriassa &quot;Kokousblogi&quot;","block_context":{"text":"Kokousblogi","link":"https:\/\/henkilot.vihreat.fi\/eve.ramo\/aiheet\/kokousblogi\/"},"img":{"alt_text":"","src":"","width":0,"height":0},"classes":[]},{"id":27112,"url":"https:\/\/henkilot.vihreat.fi\/eve.ramo\/opetuslautakunnan-kokous-2-10-2017\/","url_meta":{"origin":28770,"position":5},"title":"Opetuslautakunnan kokous 2.10.2017","author":"eve.ramo","date":"2.10.2017","format":false,"excerpt":"T\u00e4m\u00e4n illan kokous vaati jo ennakkoon paljon perehtymist\u00e4 ja kansan syvien rivien kuulemista. Korson kouluverkkosuunnitelman osalta on kahlattu monenmoisia ennusteita ja tilastoja, kuultu ja luettu selvityksi\u00e4 ja kannanottoja. Paikanp\u00e4\u00e4ll\u00e4kin on tullut k\u00e4yty\u00e4 vaikka seudut ja koulut ovatkin tutut. Laskin, ett\u00e4 olen k\u00e4ynyt kolmea alueen kouluista, asunut kahden vieress\u00e4 ja ollut\u2026","rel":"","context":"Kategoriassa &quot;Kokousblogi&quot;","block_context":{"text":"Kokousblogi","link":"https:\/\/henkilot.vihreat.fi\/eve.ramo\/aiheet\/kokousblogi\/"},"img":{"alt_text":"","src":"https:\/\/i0.wp.com\/henkilot.vihreat.fi\/eve.ramo\/files\/2017\/10\/luokka.jpg?resize=350%2C200&ssl=1","width":350,"height":200,"srcset":"https:\/\/i0.wp.com\/henkilot.vihreat.fi\/eve.ramo\/files\/2017\/10\/luokka.jpg?resize=350%2C200&ssl=1 1x, https:\/\/i0.wp.com\/henkilot.vihreat.fi\/eve.ramo\/files\/2017\/10\/luokka.jpg?resize=525%2C300&ssl=1 1.5x, https:\/\/i0.wp.com\/henkilot.vihreat.fi\/eve.ramo\/files\/2017\/10\/luokka.jpg?resize=700%2C400&ssl=1 2x, https:\/\/i0.wp.com\/henkilot.vihreat.fi\/eve.ramo\/files\/2017\/10\/luokka.jpg?resize=1050%2C600&ssl=1 3x, https:\/\/i0.wp.com\/henkilot.vihreat.fi\/eve.ramo\/files\/2017\/10\/luokka.jpg?resize=1400%2C800&ssl=1 4x"},"classes":[]}],"_links":{"self":[{"href":"https:\/\/henkilot.vihreat.fi\/eve.ramo\/wp-json\/wp\/v2\/posts\/28770","targetHints":{"allow":["GET"]}}],"collection":[{"href":"https:\/\/henkilot.vihreat.fi\/eve.ramo\/wp-json\/wp\/v2\/posts"}],"about":[{"href":"https:\/\/henkilot.vihreat.fi\/eve.ramo\/wp-json\/wp\/v2\/types\/post"}],"author":[{"embeddable":true,"href":"https:\/\/henkilot.vihreat.fi\/eve.ramo\/wp-json\/wp\/v2\/users\/162"}],"replies":[{"embeddable":true,"href":"https:\/\/henkilot.vihreat.fi\/eve.ramo\/wp-json\/wp\/v2\/comments?post=28770"}],"version-history":[{"count":1,"href":"https:\/\/henkilot.vihreat.fi\/eve.ramo\/wp-json\/wp\/v2\/posts\/28770\/revisions"}],"predecessor-version":[{"id":28771,"href":"https:\/\/henkilot.vihreat.fi\/eve.ramo\/wp-json\/wp\/v2\/posts\/28770\/revisions\/28771"}],"wp:attachment":[{"href":"https:\/\/henkilot.vihreat.fi\/eve.ramo\/wp-json\/wp\/v2\/media?parent=28770"}],"wp:term":[{"taxonomy":"category","embeddable":true,"href":"https:\/\/henkilot.vihreat.fi\/eve.ramo\/wp-json\/wp\/v2\/categories?post=28770"},{"taxonomy":"post_tag","embeddable":true,"href":"https:\/\/henkilot.vihreat.fi\/eve.ramo\/wp-json\/wp\/v2\/tags?post=28770"}],"curies":[{"name":"wp","href":"https:\/\/api.w.org\/{rel}","templated":true}]}}