{"id":27418,"date":"2019-04-08T20:15:13","date_gmt":"2019-04-08T17:15:13","guid":{"rendered":"https:\/\/henkilot.vihreat.fi\/eve.ramo\/?p=27418"},"modified":"2021-01-25T17:55:05","modified_gmt":"2021-01-25T15:55:05","slug":"kaupunginvaltuuston-kokous-8-4-2019","status":"publish","type":"post","link":"https:\/\/henkilot.vihreat.fi\/eve.ramo\/kaupunginvaltuuston-kokous-8-4-2019\/","title":{"rendered":"Kaupunginvaltuuston kokous 8.4.2019"},"content":{"rendered":"<p>Vaalikiireiden keskelt\u00e4 lenn\u00e4hdettiin hetkeksi kaupungintalolle kokoustamaan.<\/p>\n<p>Iloitsen siit\u00e4, ett\u00e4 Korson p\u00e4iv\u00e4kodille etsit\u00e4\u00e4n korvaavien tilojen rakentamista.Kokouksen pihvi eli kaupungin elinvoimaohjelma j\u00e4tettiin p\u00f6yd\u00e4lle yksimielisesti joten sen k\u00e4sittely siirtyy.<\/p>\n<p>Kaupungin henkil\u00f6st\u00f6kertomus puhututti paljon, syyst\u00e4kin. Itse sanoin n\u00e4in: \u201dHenkil\u00f6st\u00f6ohjelma \u2013 julkisuuteen nousee tasaisin v\u00e4liajoin Vantaan henkil\u00f6st\u00f6politiikan ep\u00e4kotia esimerkiksi varhaiskasvatuksessa ja lastensuojelussa. Henkil\u00f6st\u00f6kertomus ei kuitenkaan sanallakaan k\u00e4sittele niit\u00e4, henkil\u00f6st\u00f6politiikan haasteita tai henkil\u00f6st\u00f6keskuksen kehitt\u00e4misen kohteita. Esit\u00e4nkin siis saman toiveen kuin vuosi sitten \u2013 henkil\u00f6st\u00f6kertomuksessa tulisi rehellisesti pysty\u00e4 k\u00e4sittelem\u00e4\u00e4n my\u00f6s ep\u00e4onnistumisia ja kehitt\u00e4misen paikkoja. Toivon, ett\u00e4 n\u00e4ihin tartutaan ensi vuonna ja saamme niist\u00e4 henkil\u00f6st\u00f6kertomuksesta lukea.\u201d<\/p>\n<p>Moni varmasti tiet\u00e4\u00e4, ett\u00e4 niin ty\u00f6ntekij\u00e4n\u00e4 kuin varaluottamusmiehen\u00e4 kuin kaupunginvaltuutettuna olen ajoittain ollut hyvin pettynyt siihen tapaan, miten henkil\u00f6st\u00f6asioita hoidetaan. Vastuu katoaa jonnekin toimialan ja henkil\u00f6st\u00f6keskuksen v\u00e4liin eik\u00e4 ep\u00e4kohtiin p\u00e4\u00e4st\u00e4 puuttumaan. Toivon todella, ett\u00e4 henkil\u00f6st\u00f6politiikan ep\u00e4kohtiin todella puututtaisiin.<\/p>\n<p>Keskustelun kuluessa oli kuitenkin pakko pit\u00e4\u00e4 viel\u00e4 toinenkin puheenvuoro. \u201dTy\u00f6suhde-edut ovat niukat. Tuunattu ty\u00f6 toimii ja lomat ovat pidemm\u00e4t jos on ehtinyt jo olla tarpeeksi kauan t\u00f6iss\u00e4. Palkka on pienempi, isoksi koettu ep\u00e4kohta on se, ett\u00e4 kulttuuri- eik\u00e4 liikuntaseteleit\u00e4 ei saada. Ty\u00f6terveyshuollon tasoa on heikennetty eik\u00e4 muutkaan edut niin kovin mainittavia ole. Kiky vei lomarahat ja lis\u00e4si ty\u00f6aikaa jo valmiin kuorman p\u00e4\u00e4lle. Henkil\u00f6st\u00f6p\u00e4\u00e4t\u00f6ksien vastuu valuu jonnekin toimialan ja henkil\u00f6st\u00f6keskuksen v\u00e4liin.\u00a0<a href=\"https:\/\/henkilot.vihreat.fi\/eve.ramo\/files\/2019\/04\/markkinat.jpg\"><img loading=\"lazy\" decoding=\"async\" class=\"alignright size-medium wp-image-27420\" src=\"https:\/\/henkilot.vihreat.fi\/eve.ramo\/files\/2019\/04\/markkinat-300x225.jpg\" alt=\"\" width=\"300\" height=\"225\" srcset=\"https:\/\/henkilot.vihreat.fi\/eve.ramo\/files\/2019\/04\/markkinat-300x225.jpg 300w, https:\/\/henkilot.vihreat.fi\/eve.ramo\/files\/2019\/04\/markkinat.jpg 480w\" sizes=\"auto, (max-width: 300px) 100vw, 300px\" \/><\/a><\/p>\n<p>Omaan ty\u00f6h\u00f6n vaikuttaminen ja ajatusten eteenp\u00e4in vieminen on v\u00e4hint\u00e4\u00e4nkin puoliksi mahdotonta. Ty\u00f6hyvinvointiin k\u00e4ytett\u00e4v\u00e4 raha ja aika on yksityiselle puolelle verrattuna heikkoa. Tyhyvinvointip\u00e4iv\u00e4n\u00e4 puhutaan Apotista ja pikkujoulut maksetaan itse. Saatavilla olevaa koulutustarjontaa tulisi my\u00f6s kehitt\u00e4\u00e4. T\u00e4h\u00e4n p\u00e4\u00e4lle viel\u00e4 se, ett\u00e4 sakko rapsahtaa kotik\u00e4yntej\u00e4 tehdess\u00e4 omalta ty\u00f6nantajalta. T\u00e4ss\u00e4 muutama mieleen tullut kehitt\u00e4miskohde.\u201d<\/p>\n<p>Kohdassa 11 oli vastaus demariryhm\u00e4n aloitteeseen leikkipuistoruokailusta. T\u00e4m\u00e4 asia otettiin kokeiluun jo viime syksyn budjettineuvotteluiden my\u00f6t\u00e4 jossa Vihre\u00e4t olivat mukana asiaa kannattamassa.<\/p>\n<p>Seuraavassa kohdassa 12 oli vastaus Vihre\u00e4n valtuustoryhm\u00e4n aloitteeseen varhaiskasvatuksen opettajien saatavuuteen. Vihre\u00e4 valtuustoryhm\u00e4 pit\u00e4\u00e4 edelleen tilannetta hyvin huolestuttavana ja tehtyj\u00e4 toimenpiteit\u00e4 riitt\u00e4m\u00e4tt\u00f6min\u00e4. Suosittelen katsomaan ryhm\u00e4mme puheenjohtaja Emmi Pajusen puheen vantaa-kanavalta. Se on nimitt\u00e4in todella hyv\u00e4 puhe!\u00a0\u00a0<a href=\"https:\/\/henkilot.vihreat.fi\/eve.ramo\/files\/2019\/04\/emmipuhuu.jpg\"><img loading=\"lazy\" decoding=\"async\" class=\"alignright size-medium wp-image-27419\" src=\"https:\/\/henkilot.vihreat.fi\/eve.ramo\/files\/2019\/04\/emmipuhuu-225x300.jpg\" alt=\"\" width=\"225\" height=\"300\" srcset=\"https:\/\/henkilot.vihreat.fi\/eve.ramo\/files\/2019\/04\/emmipuhuu-225x300.jpg 225w, https:\/\/henkilot.vihreat.fi\/eve.ramo\/files\/2019\/04\/emmipuhuu.jpg 720w\" sizes=\"auto, (max-width: 225px) 100vw, 225px\" \/><\/a><\/p>\n<p>Loppukokous nuijittiin reippaaseen tahtiin. Aamusta taas vaalikampanjan pariin!<\/p>\n<p>Eve #syd\u00e4nj\u00e4rkitahto &#8211; eduskuntaan Uudeltamaalta 431<\/p>\n<p>P\u00f6yt\u00e4kirja l\u00f6ytyy osoitteesta: https:\/\/www.vantaa.fi\/hallinto_ja_talous\/paatoksenteko\/esityslistat_ja_poytakirjat<\/p>\n","protected":false},"excerpt":{"rendered":"<p>Vaalikiireiden keskelt\u00e4 lenn\u00e4hdettiin hetkeksi kaupungintalolle kokoustamaan. Iloitsen siit\u00e4, ett\u00e4 Korson p\u00e4iv\u00e4kodille etsit\u00e4\u00e4n korvaavien tilojen rakentamista.Kokouksen pihvi eli kaupungin elinvoimaohjelma j\u00e4tettiin p\u00f6yd\u00e4lle yksimielisesti joten sen k\u00e4sittely siirtyy. Kaupungin henkil\u00f6st\u00f6kertomus puhututti paljon, syyst\u00e4kin. Itse sanoin n\u00e4in: \u201dHenkil\u00f6st\u00f6ohjelma \u2013 julkisuuteen nousee tasaisin v\u00e4liajoin<\/p>\n","protected":false},"author":162,"featured_media":0,"comment_status":"open","ping_status":"open","sticky":false,"template":"","format":"standard","meta":{"jetpack_post_was_ever_published":false,"_jetpack_newsletter_access":"","_jetpack_dont_email_post_to_subs":false,"_jetpack_newsletter_tier_id":0,"_jetpack_memberships_contains_paywalled_content":false,"_jetpack_memberships_contains_paid_content":false,"footnotes":""},"categories":[3,27,1],"tags":[],"class_list":["post-27418","post","type-post","status-publish","format-standard","hentry","category-blogi","category-kokousblogi","category-tiedotteet"],"jetpack_featured_media_url":"","jetpack_sharing_enabled":true,"jetpack_shortlink":"https:\/\/wp.me\/p8pbUN-78e","jetpack_likes_enabled":true,"jetpack-related-posts":[{"id":27267,"url":"https:\/\/henkilot.vihreat.fi\/eve.ramo\/vantaan-kaupunginvaltuuston-kokous-24-9-18\/","url_meta":{"origin":27418,"position":0},"title":"Vantaan kaupunginvaltuuston kokous 24.9.18","author":"eve.ramo","date":"25.9.2018","format":false,"excerpt":"Etuk\u00e4teen oli jo tiedossa, ett\u00e4 t\u00e4n\u00e4\u00e4n on luvassa pitk\u00e4 ilta, monta \u00e4\u00e4nestyst\u00e4 ja paljon asiaa!\u00a0 Listan iso sis\u00e4lt\u00f6 on palveluverkkosuunnitelman hyv\u00e4ksyminen. Suunnitelma, joka on pohja tulevien vuosien toimitilainvestointiohjelman p\u00e4ivitt\u00e4miselle ja sen keskeiset linjaukset ohjaavat my\u00f6s yksitt\u00e4isi\u00e4 palveluverkon kehitt\u00e4mishankkeita. Palveluverkkosuunnitelmaa k\u00e4sitelt\u00e4ess\u00e4 ryhm\u00e4mme esitti kaksi muutosesityst\u00e4 sek\u00e4 p\u00f6yt\u00e4kirjalausuman. Upean ryhm\u00e4puheenjohtajamme esitti, ett\u00e4\u2026","rel":"","context":"Kategoriassa &quot;Blogi&quot;","block_context":{"text":"Blogi","link":"https:\/\/henkilot.vihreat.fi\/eve.ramo\/aiheet\/blogi\/"},"img":{"alt_text":"","src":"https:\/\/i0.wp.com\/henkilot.vihreat.fi\/eve.ramo\/files\/2018\/09\/aloite1-225x300.jpg?resize=350%2C200&ssl=1","width":350,"height":200},"classes":[]},{"id":27177,"url":"https:\/\/henkilot.vihreat.fi\/eve.ramo\/opetuslautakunta-12-3-18\/","url_meta":{"origin":27418,"position":1},"title":"Opetuslautakunta 12.3.18","author":"eve.ramo","date":"13.3.2018","format":false,"excerpt":"T\u00e4m\u00e4n viikon kokousrumba k\u00e4ynnistyi isojen asioiden opetuslautakunnan kokouksella. Ennen kokousta tutustuimme Vaskivuoren lukion toimintaan. Upeaa ty\u00f6t\u00e4 ja ihan mielett\u00f6m\u00e4n taitavia nuoria! Ei voi kun \u00e4llistell\u00e4 tiedon, taidon ja heitt\u00e4ytymisen m\u00e4\u00e4r\u00e4\u00e4. Lausunto lukiolaista oli asianmukainen ja hyv\u00e4ksyttiin sellaisenaan. Lausuntoon varhaiskasvatuslaista Vihre\u00e4ll\u00e4 ryhm\u00e4ll\u00e4mme oli useita muutosesityksi\u00e4. Kiinnitimme huomiota siihen, ett\u00e4 lausunnon tulisi\u2026","rel":"","context":"Kategoriassa &quot;Kokousblogi&quot;","block_context":{"text":"Kokousblogi","link":"https:\/\/henkilot.vihreat.fi\/eve.ramo\/aiheet\/kokousblogi\/"},"img":{"alt_text":"","src":"https:\/\/i0.wp.com\/henkilot.vihreat.fi\/eve.ramo\/files\/2018\/03\/vaskivuori.jpg?resize=350%2C200&ssl=1","width":350,"height":200,"srcset":"https:\/\/i0.wp.com\/henkilot.vihreat.fi\/eve.ramo\/files\/2018\/03\/vaskivuori.jpg?resize=350%2C200&ssl=1 1x, https:\/\/i0.wp.com\/henkilot.vihreat.fi\/eve.ramo\/files\/2018\/03\/vaskivuori.jpg?resize=525%2C300&ssl=1 1.5x, https:\/\/i0.wp.com\/henkilot.vihreat.fi\/eve.ramo\/files\/2018\/03\/vaskivuori.jpg?resize=700%2C400&ssl=1 2x, https:\/\/i0.wp.com\/henkilot.vihreat.fi\/eve.ramo\/files\/2018\/03\/vaskivuori.jpg?resize=1050%2C600&ssl=1 3x, https:\/\/i0.wp.com\/henkilot.vihreat.fi\/eve.ramo\/files\/2018\/03\/vaskivuori.jpg?resize=1400%2C800&ssl=1 4x"},"classes":[]},{"id":28633,"url":"https:\/\/henkilot.vihreat.fi\/eve.ramo\/vantaan-kaupunki-ja-vantaa-keravan-hyvinvointialue-mukaan-mielenturvaa-verkostoon\/","url_meta":{"origin":27418,"position":2},"title":"Vantaan kaupunki ja Vantaa-Keravan hyvinvointialue mukaan Mielenturvaa-verkostoon","author":"eve.ramo","date":"15.9.2022","format":false,"excerpt":"Tein elokuussa seuraavanlaisen valtuustoaloitteen sek\u00e4 kaupunginvaltuustossa ett\u00e4 aluevaltuustossa Vantaan kaupunki mukaan Mielenturvaa-verkostoon\u00a0 Mielenterveyskriisi n\u00e4kyy vahvasti suomalaisessa ty\u00f6el\u00e4m\u00e4ss\u00e4. Suomessa menetet\u00e4\u00e4n yli 17 miljoonaa ty\u00f6p\u00e4iv\u00e4\u00e4 vuodessa mielenterveysh\u00e4iri\u00f6iden takia, ja yli puolet ty\u00f6kyvytt\u00f6myysel\u00e4kkeist\u00e4 johtuu mielenterveyden h\u00e4iri\u00f6ist\u00e4. Joka viides aikuinen k\u00e4rsii h\u00e4iri\u00f6ist\u00e4 vuosittain, mutta silti vain puolet uskaltaisi mielenterveysj\u00e4rjest\u00f6jen tutkimusten mukaan puhua niist\u00e4 ty\u00f6paikallaan.\u00a0\u2026","rel":"","context":"Kategoriassa &quot;Tiedotteet&quot;","block_context":{"text":"Tiedotteet","link":"https:\/\/henkilot.vihreat.fi\/eve.ramo\/aiheet\/tiedotteet\/"},"img":{"alt_text":"","src":"","width":0,"height":0},"classes":[]},{"id":27252,"url":"https:\/\/henkilot.vihreat.fi\/eve.ramo\/kaupunginvaltuuston-kokous-27-8-2018\/","url_meta":{"origin":27418,"position":3},"title":"Kaupunginvaltuuston kokous 27.8.2018","author":"eve.ramo","date":"27.8.2018","format":false,"excerpt":"Syyskauden ensimm\u00e4inen kaupunginvaltuuston kokous aloitettiin iloisin mielin. Listalla oli mm. ymp\u00e4rist\u00f6raportti ja Linnaisten kaava. Torstaina ryhm\u00e4kokouksessa ryhm\u00e4mme valitsi ryhm\u00e4johdon t\u00e4lle kaudelle. Kiit\u00e4n luottamuksesta, sill\u00e4 saan jatkaa ryhm\u00e4mme 1. varapuheenjohtajan hommassa. Ryhm\u00e4mme luotsaamista jatkaa loistava Emmi Pajunen ja 2.varapuheenjohtajana jatkaa ihana Minna Kuusela. Lue lista ja p\u00f6yt\u00e4kirja kokonaisuudessaan: http:\/\/www.vantaa.fi\/hallinto_ja_talous\/paatoksenteko\/esityslistat_ja_poytakirjat Seuraa kokouksia\u2026","rel":"","context":"Kategoriassa &quot;Blogi&quot;","block_context":{"text":"Blogi","link":"https:\/\/henkilot.vihreat.fi\/eve.ramo\/aiheet\/blogi\/"},"img":{"alt_text":"","src":"https:\/\/i0.wp.com\/henkilot.vihreat.fi\/eve.ramo\/files\/2018\/08\/omenat-300x195.jpg?resize=350%2C200&ssl=1","width":350,"height":200},"classes":[]},{"id":27278,"url":"https:\/\/henkilot.vihreat.fi\/eve.ramo\/budjettikokous-12-11-18\/","url_meta":{"origin":27418,"position":4},"title":"Budjettikokous 12.11.18","author":"eve.ramo","date":"12.11.2018","format":false,"excerpt":"T\u00e4n\u00e4\u00e4n k\u00e4ytiin vuoden maratonkokous joka aloitettiin jo hyviss\u00e4 ajoin iltap\u00e4iv\u00e4st\u00e4.\u00a0 Vihre\u00e4 Valtuustoryhm\u00e4 sai eteenp\u00e4in monia tavoitteitaan Vihre\u00e4mm\u00e4n Vantaan edist\u00e4miseksi. Vihre\u00e4 ryhm\u00e4 on sitoutunut neuvottelutulokseen - t\u00e4m\u00e4 tarkoittaa sit\u00e4, ett\u00e4 neuvotteluissa olemme saaneet l\u00e4pi joitain asioita ja toisaalta, olemme joutuneet j\u00e4tt\u00e4m\u00e4\u00e4n osan tavoitteista tulevaisuuden neuvotteluihin. Politiikka ei ole pikamatka vaan maraton.Vihre\u00e4t\u2026","rel":"","context":"Kategoriassa &quot;Blogi&quot;","block_context":{"text":"Blogi","link":"https:\/\/henkilot.vihreat.fi\/eve.ramo\/aiheet\/blogi\/"},"img":{"alt_text":"","src":"https:\/\/i0.wp.com\/henkilot.vihreat.fi\/eve.ramo\/files\/2018\/11\/ryhm%C3%A4neuvottelee-300x225.jpg?resize=350%2C200&ssl=1","width":350,"height":200},"classes":[]},{"id":28540,"url":"https:\/\/henkilot.vihreat.fi\/eve.ramo\/vihrean-ryhman-ryhmapuhe-13-12-2021-ta\/","url_meta":{"origin":27418,"position":5},"title":"VIHRE\u00c4N RYHM\u00c4N RYHM\u00c4PUHE 13.12.2021 TA","author":"eve.ramo","date":"13.12.2021","format":false,"excerpt":"Arvoisa puheenjohtaja, hyv\u00e4t kuulijat Uusi valtuustokausi on startattu rytin\u00e4ll\u00e4 ja olemme edelleen jatkuvassa poikkeustilanteessa. T\u00e4n\u00e4\u00e4nkin olemme t\u00e4\u00e4ll\u00e4 et\u00e4yhteyksien p\u00e4\u00e4ss\u00e4 valtuustosalin sijaan. Pandemian keskell\u00e4, nyt jos koskaan pit\u00e4\u00e4 tehd\u00e4 p\u00e4\u00e4t\u00f6ksi\u00e4 joilla on vaikutusta kuntalaisten hyvinvointiin. On kyett\u00e4v\u00e4 tekem\u00e4\u00e4n kest\u00e4v\u00e4\u00e4 talouspolitiikkaa. Talouden tasapainottaminen ei voi tarkoittaa pelkki\u00e4 leikkauksia vaan samaan aikaan kaupungin\u2026","rel":"","context":"Kategoriassa &quot;Tiedotteet&quot;","block_context":{"text":"Tiedotteet","link":"https:\/\/henkilot.vihreat.fi\/eve.ramo\/aiheet\/tiedotteet\/"},"img":{"alt_text":"","src":"","width":0,"height":0},"classes":[]}],"_links":{"self":[{"href":"https:\/\/henkilot.vihreat.fi\/eve.ramo\/wp-json\/wp\/v2\/posts\/27418","targetHints":{"allow":["GET"]}}],"collection":[{"href":"https:\/\/henkilot.vihreat.fi\/eve.ramo\/wp-json\/wp\/v2\/posts"}],"about":[{"href":"https:\/\/henkilot.vihreat.fi\/eve.ramo\/wp-json\/wp\/v2\/types\/post"}],"author":[{"embeddable":true,"href":"https:\/\/henkilot.vihreat.fi\/eve.ramo\/wp-json\/wp\/v2\/users\/162"}],"replies":[{"embeddable":true,"href":"https:\/\/henkilot.vihreat.fi\/eve.ramo\/wp-json\/wp\/v2\/comments?post=27418"}],"version-history":[{"count":1,"href":"https:\/\/henkilot.vihreat.fi\/eve.ramo\/wp-json\/wp\/v2\/posts\/27418\/revisions"}],"predecessor-version":[{"id":27421,"href":"https:\/\/henkilot.vihreat.fi\/eve.ramo\/wp-json\/wp\/v2\/posts\/27418\/revisions\/27421"}],"wp:attachment":[{"href":"https:\/\/henkilot.vihreat.fi\/eve.ramo\/wp-json\/wp\/v2\/media?parent=27418"}],"wp:term":[{"taxonomy":"category","embeddable":true,"href":"https:\/\/henkilot.vihreat.fi\/eve.ramo\/wp-json\/wp\/v2\/categories?post=27418"},{"taxonomy":"post_tag","embeddable":true,"href":"https:\/\/henkilot.vihreat.fi\/eve.ramo\/wp-json\/wp\/v2\/tags?post=27418"}],"curies":[{"name":"wp","href":"https:\/\/api.w.org\/{rel}","templated":true}]}}