{"id":27416,"date":"2019-04-08T10:17:06","date_gmt":"2019-04-08T07:17:06","guid":{"rendered":"https:\/\/henkilot.vihreat.fi\/eve.ramo\/?p=27416"},"modified":"2021-01-25T17:55:05","modified_gmt":"2021-01-25T15:55:05","slug":"jalkihuoltonuoret-eivat-saa-menettaa-toimeentulotukeaan-rikosuhrikorvausten-vuoksi","status":"publish","type":"post","link":"https:\/\/henkilot.vihreat.fi\/eve.ramo\/jalkihuoltonuoret-eivat-saa-menettaa-toimeentulotukeaan-rikosuhrikorvausten-vuoksi\/","title":{"rendered":"J\u00e4lkihuoltonuoret eiv\u00e4t saa menett\u00e4\u00e4 toimeentulotukeaan rikosuhrikorvausten vuoksi"},"content":{"rendered":"<p>Mielipidekirjoitukseni vaaliareenassa:<\/p>\n<p>Viime aikojen keskustelu lapsiin ja nuoriin kohdistuneista rikoksista on keskittynyt paljolti tekij\u00f6ihin ja rangaistuksiin. V\u00e4hemm\u00e4lle huomiolle on j\u00e4\u00e4nyt se, miten uhrit selviytyv\u00e4t ja millaista tukea he saavat. T\u00e4llaisten traumojen korjaaminen vaatii pitk\u00e4j\u00e4nteist\u00e4 ja moniammatillista tukea. Rikoksen uhrit saavat parhaassa tapauksessa my\u00f6s rahallista korvausta k\u00e4rsimyksist\u00e4\u00e4n mik\u00e4li tapaus etenee tuomioon saakka. Rahaa, joka hyvitt\u00e4\u00e4 koettua kipua, s\u00e4rky\u00e4 ja ahdistusta.<\/p>\n<p>Kela on nyt tiukentanut tulkintaansa siit\u00e4, miten n\u00e4ihin korvauksiin suhtaudutaan. Ne lasketaan ihmisen varallisuudeksi. T\u00e4m\u00e4 tulkinta ajaa erityisen ahtaalle ne nuoret jotka ovat lastensuojelun asiakkaita, nuoret jotka ovat erityisen haavoittuvassa asemassa. N\u00e4ill\u00e4 nuorilla on usein rikkin\u00e4inen perhe ja tukiverkosto sek\u00e4 monta traumaattista tapahtumaa taakkanaan. Nuoren t\u00e4ytt\u00e4ess\u00e4 18 vuotta loppuu muu lastensuojelun tuki. N\u00e4ille lastensuojelutausta omaaville nuorille taataan lain mukaan tukea ja toimeentuloa aikuistumisen kynnyksell\u00e4. K\u00e4yt\u00e4nn\u00f6ss\u00e4 t\u00e4m\u00e4 tarkoittaa sosiaaliohjauksen lis\u00e4ksi oikeutta toimeentulotukeen ja esimerkiksi koulukustannuksiin.<\/p>\n<p>Mik\u00e4li nuori on lapsuutensa aikana joutunut rikoksen uhriksi ja saanut siit\u00e4 korvauksia, j\u00e4\u00e4 h\u00e4n ilman oikeutta toimeentulotukeen. Rikoksen uhriksi joutunut nuori k\u00e4ytt\u00e4\u00e4 t\u00e4t\u00e4 omaa niin kutsutta varallisuuttaan siis perusel\u00e4miseen, takuuvuokraan, koulutarvikkeisiin ja joutuu maksamaan rikoksesta aiheutuneet terapiakustannukset ja l\u00e4\u00e4kehoidon itse. Kustannukset jotka muutoin maksettaisiin toimeentulotukena. Olisi kaikin puolin inhimillist\u00e4, ett\u00e4 t\u00e4t\u00e4 k\u00e4yt\u00e4nt\u00f6\u00e4 muutettaisiin.<\/p>\n<p>Eve R\u00e4m\u00f6<br \/>\nPerhety\u00f6ntekij\u00e4, kaupunginvaltuutettu<br \/>\nVantaa<\/p>\n","protected":false},"excerpt":{"rendered":"<p>Mielipidekirjoitukseni vaaliareenassa: Viime aikojen keskustelu lapsiin ja nuoriin kohdistuneista rikoksista on keskittynyt paljolti tekij\u00f6ihin ja rangaistuksiin. V\u00e4hemm\u00e4lle huomiolle on j\u00e4\u00e4nyt se, miten uhrit selviytyv\u00e4t ja millaista tukea he saavat. T\u00e4llaisten traumojen korjaaminen vaatii pitk\u00e4j\u00e4nteist\u00e4 ja moniammatillista tukea. Rikoksen uhrit saavat<\/p>\n","protected":false},"author":162,"featured_media":0,"comment_status":"open","ping_status":"open","sticky":false,"template":"","format":"standard","meta":{"jetpack_post_was_ever_published":false,"_jetpack_newsletter_access":"","_jetpack_dont_email_post_to_subs":false,"_jetpack_newsletter_tier_id":0,"_jetpack_memberships_contains_paywalled_content":false,"_jetpack_memberships_contains_paid_content":false,"footnotes":""},"categories":[3,1],"tags":[],"class_list":["post-27416","post","type-post","status-publish","format-standard","hentry","category-blogi","category-tiedotteet"],"jetpack_featured_media_url":"","jetpack_sharing_enabled":true,"jetpack_shortlink":"https:\/\/wp.me\/p8pbUN-78c","jetpack_likes_enabled":true,"jetpack-related-posts":[{"id":28477,"url":"https:\/\/henkilot.vihreat.fi\/eve.ramo\/nuorten-ei-kuulu-maksaa-laskua-koronasta-matalan-kynnyksen-mielenterveyspalvelut-ovat-taysin-tukossa\/","url_meta":{"origin":27416,"position":0},"title":"Nuorten ei kuulu maksaa laskua koronasta \u2013 matalan kynnyksen mielenterveyspalvelut ovat t\u00e4ysin tukossa","author":"eve.ramo","date":"12.3.2021","format":false,"excerpt":"Olemme j\u00e4tt\u00e4neet valtuustoaloitteen, jossa esitet\u00e4\u00e4n koronan aiheuttamien mielenterveyspalvelujen jonojen selvitt\u00e4mist\u00e4 ja purkamista, kirjoittajat kertovat. Nuoret voivat huonosti ja se n\u00e4kyy nyt kaduilla, uutisissa ja tilastoissa. Korona on pahentanut tilannetta lis\u00e4\u00e4m\u00e4ll\u00e4 stressi\u00e4, ja yksin\u00e4isyytt\u00e4, sek\u00e4 vaikeuttamalla avunsaantia. Allianssin ja MTV Uutisten kyselyss\u00e4 39 prosenttia nuorista koki, ettei ole saanut riitt\u00e4v\u00e4sti tukea\u2026","rel":"","context":"Kategoriassa &quot;Blogi&quot;","block_context":{"text":"Blogi","link":"https:\/\/henkilot.vihreat.fi\/eve.ramo\/aiheet\/blogi\/"},"img":{"alt_text":"","src":"","width":0,"height":0},"classes":[]},{"id":28765,"url":"https:\/\/henkilot.vihreat.fi\/eve.ramo\/17-2-care-day\/","url_meta":{"origin":27416,"position":1},"title":"17.2 Care Day","author":"eve.ramo","date":"25.2.2023","format":false,"excerpt":"Millaisia ovat lastensuojelun asiakkaat? Olen ty\u00f6skennellyt l\u00e4hes 20 vuotta lastensuojelun parissa. Nuorisokodissa ja perhety\u00f6ss\u00e4. T\u00e4ss\u00e4 ajassa on n\u00e4hnyt paljon. Totuus on aina tarua- tai klikkiotsikoita ihmeellisemp\u00e4\u00e4. Minusta on vain armollista, ettei suuri yleis\u00f6 tied\u00e4 millaisia tarinoita sanan lastensuojelu alle mahtuu. Ty\u00f6 on haastavaa ja vaatii rautaista ammattitaitoa, sitoutumista ja itsens\u00e4\u2026","rel":"","context":"Kategoriassa &quot;Tiedotteet&quot;","block_context":{"text":"Tiedotteet","link":"https:\/\/henkilot.vihreat.fi\/eve.ramo\/aiheet\/tiedotteet\/"},"img":{"alt_text":"","src":"","width":0,"height":0},"classes":[]},{"id":28773,"url":"https:\/\/henkilot.vihreat.fi\/eve.ramo\/vahvistetaan-sateenkaarinuorten-hyvinvointia-kouluissa\/","url_meta":{"origin":27416,"position":2},"title":"Vahvistetaan sateenkaarinuorten hyvinvointia kouluissa","author":"eve.ramo","date":"2.3.2023","format":false,"excerpt":"Aloite Vantaan kaupunginvaltuustossa 27.2.23: Vahvistetaan sateenkaarinuorten hyvinvointia kouluissa Hyvinvointi- ja terveyserot ovat sateenkaarilapsilla ja -nuorilla enemmist\u00f6nuoriin verrattuna merkitt\u00e4v\u00e4t. Kouluterveyskyselyn 2021 mukaan seksuaaliv\u00e4hemmist\u00f6ist\u00e4 42 % (heterot 70 %) ja sukupuoliv\u00e4hemmist\u00f6ist\u00e4 vain 33 % (cisnuoret 75 %) oli tyytyv\u00e4isi\u00e4 el\u00e4m\u00e4\u00e4ns\u00e4. Kohtalaista tai vaikeaa ahdistuneisuutta koki seksuaaliv\u00e4hemmist\u00f6\u00f6n kuuluvista 43 % (heterot 15 %)\u2026","rel":"","context":"Kategoriassa &quot;Tiedotteet&quot;","block_context":{"text":"Tiedotteet","link":"https:\/\/henkilot.vihreat.fi\/eve.ramo\/aiheet\/tiedotteet\/"},"img":{"alt_text":"","src":"https:\/\/i0.wp.com\/henkilot.vihreat.fi\/eve.ramo\/files\/2023\/03\/331954149_591545869199259_6035683751941579109_n.jpg?resize=350%2C200&ssl=1","width":350,"height":200,"srcset":"https:\/\/i0.wp.com\/henkilot.vihreat.fi\/eve.ramo\/files\/2023\/03\/331954149_591545869199259_6035683751941579109_n.jpg?resize=350%2C200&ssl=1 1x, https:\/\/i0.wp.com\/henkilot.vihreat.fi\/eve.ramo\/files\/2023\/03\/331954149_591545869199259_6035683751941579109_n.jpg?resize=525%2C300&ssl=1 1.5x, https:\/\/i0.wp.com\/henkilot.vihreat.fi\/eve.ramo\/files\/2023\/03\/331954149_591545869199259_6035683751941579109_n.jpg?resize=700%2C400&ssl=1 2x, https:\/\/i0.wp.com\/henkilot.vihreat.fi\/eve.ramo\/files\/2023\/03\/331954149_591545869199259_6035683751941579109_n.jpg?resize=1050%2C600&ssl=1 3x"},"classes":[]},{"id":176,"url":"https:\/\/henkilot.vihreat.fi\/eve.ramo\/turistin-vastuu-ajattele-ennen-kuin-teet\/","url_meta":{"origin":27416,"position":3},"title":"Turistin vastuu &#8211; ajattele ennen kuin teet!","author":"eve.ramo","date":"23.11.2013","format":false,"excerpt":"Turistiin vastuu - ajattele ennen kuin teet! T\u00e4h\u00e4n aikaan vuodesta moni suomalainen suuntaa unelmalomalle, kauas pois kylm\u00e4st\u00e4 ja pime\u00e4st\u00e4. Oman unelmaloman toinen puoli on se, ett\u00e4 se on samalla jonkun toisen helvetti. \u00a0 Thaimaan lomalla on helppoa tuudittautua siihen, ett\u00e4 huorakadut kuuluvat kulttuuriin, ping pong-showt ovat hauskaa viihdett\u00e4 ja ett\u00e4\u2026","rel":"","context":"Kategoriassa &quot;Blogi&quot;","block_context":{"text":"Blogi","link":"https:\/\/henkilot.vihreat.fi\/eve.ramo\/aiheet\/blogi\/"},"img":{"alt_text":"","src":"","width":0,"height":0},"classes":[]},{"id":28501,"url":"https:\/\/henkilot.vihreat.fi\/eve.ramo\/vaaliareena-nuorten-pahoinvointi-lisaantynyt-vantaalle-tarvittaisiin-toinen-nuppi\/","url_meta":{"origin":27416,"position":4},"title":"Vaaliareena: Nuorten pahoinvointi lis\u00e4\u00e4ntynyt \u2013 Vantaalle tarvittaisiin toinen Nuppi","author":"eve.ramo","date":"26.5.2021","format":false,"excerpt":"Muutama lis\u00e4ty\u00f6ntekij\u00e4 ei kirjoittajien mielest\u00e4 en\u00e4\u00e4 riit\u00e4 avuksi nuorten mielenterveyteen ja p\u00e4ihteiden k\u00e4ytt\u00f6\u00f6n liittyvien ongelmien hoitamisessa. Nuorten pahoinvointi ja mielenterveysongelmat ovat j\u00e4lleen otsikoissa. Monen nuoren vointi on pahentunut kev\u00e4\u00e4n mittaan. Useisiin t\u00e4rkeisiin palveluihin p\u00e4\u00e4see t\u00e4ll\u00e4 hetkell\u00e4 vasta monen viikon jonotuksen j\u00e4lkeen. On vaikea kuvitella, ett\u00e4 pohjalle vajonnut nuori jaksaisi odottaa\u2026","rel":"","context":"Kategoriassa &quot;Blogi&quot;","block_context":{"text":"Blogi","link":"https:\/\/henkilot.vihreat.fi\/eve.ramo\/aiheet\/blogi\/"},"img":{"alt_text":"","src":"","width":0,"height":0},"classes":[]},{"id":174,"url":"https:\/\/henkilot.vihreat.fi\/eve.ramo\/lahetysmaararahat-sulle-mulle-kelle\/","url_meta":{"origin":27416,"position":5},"title":"L\u00e4hetysm\u00e4\u00e4r\u00e4rahat \u2013 Sulle? Mulle? Kelle?","author":"eve.ramo","date":"13.11.2013","format":false,"excerpt":"On j\u00e4lleen aika keskitty\u00e4 tulevan vuoden budjetointiin ja kirkollispolitiikassa nostaa, taas kerran, kissa p\u00f6yd\u00e4lle l\u00e4hetysm\u00e4\u00e4r\u00e4rahojen suhteen. \u00a0 Ennen t\u00e4m\u00e4n tekstin lukemista kannattaa lukea oheisten linkkien takaa l\u00f6ytyv\u00e4t tiedote ja infopaketti. http:\/\/www.kotimaa24.fi\/uutiset\/kotimaa\/12961-luottamushenkiloet-kirkko-rahoittaa-syrjiviae-jaerjestoejae http:\/\/kirkonkellari.fi\/lahetystyo-raha-tietopaketti\/ \u00a0 L\u00e4hetysm\u00e4\u00e4r\u00e4rahat? Vantaalla jaetaan vuosittain yhteens\u00e4 705\u00a0000\u20ac l\u00e4hetysm\u00e4\u00e4r\u00e4rahoja eri l\u00e4hetysj\u00e4rjest\u00f6ille. Kirkon virallisia l\u00e4hetysj\u00e4rjest\u00f6j\u00e4 on seitsem\u00e4n, joille tuo summa\u2026","rel":"","context":"Kategoriassa &quot;Blogi&quot;","block_context":{"text":"Blogi","link":"https:\/\/henkilot.vihreat.fi\/eve.ramo\/aiheet\/blogi\/"},"img":{"alt_text":"","src":"","width":0,"height":0},"classes":[]}],"_links":{"self":[{"href":"https:\/\/henkilot.vihreat.fi\/eve.ramo\/wp-json\/wp\/v2\/posts\/27416","targetHints":{"allow":["GET"]}}],"collection":[{"href":"https:\/\/henkilot.vihreat.fi\/eve.ramo\/wp-json\/wp\/v2\/posts"}],"about":[{"href":"https:\/\/henkilot.vihreat.fi\/eve.ramo\/wp-json\/wp\/v2\/types\/post"}],"author":[{"embeddable":true,"href":"https:\/\/henkilot.vihreat.fi\/eve.ramo\/wp-json\/wp\/v2\/users\/162"}],"replies":[{"embeddable":true,"href":"https:\/\/henkilot.vihreat.fi\/eve.ramo\/wp-json\/wp\/v2\/comments?post=27416"}],"version-history":[{"count":1,"href":"https:\/\/henkilot.vihreat.fi\/eve.ramo\/wp-json\/wp\/v2\/posts\/27416\/revisions"}],"predecessor-version":[{"id":27417,"href":"https:\/\/henkilot.vihreat.fi\/eve.ramo\/wp-json\/wp\/v2\/posts\/27416\/revisions\/27417"}],"wp:attachment":[{"href":"https:\/\/henkilot.vihreat.fi\/eve.ramo\/wp-json\/wp\/v2\/media?parent=27416"}],"wp:term":[{"taxonomy":"category","embeddable":true,"href":"https:\/\/henkilot.vihreat.fi\/eve.ramo\/wp-json\/wp\/v2\/categories?post=27416"},{"taxonomy":"post_tag","embeddable":true,"href":"https:\/\/henkilot.vihreat.fi\/eve.ramo\/wp-json\/wp\/v2\/tags?post=27416"}],"curies":[{"name":"wp","href":"https:\/\/api.w.org\/{rel}","templated":true}]}}